{"id":49297,"date":"2019-02-26T20:58:31","date_gmt":"2019-02-26T20:58:31","guid":{"rendered":"https:\/\/colimdo.org\/?p=49297"},"modified":"2019-02-26T20:58:31","modified_gmt":"2019-02-26T20:58:31","slug":"designan-al-coronel-carlos-mejia-presidente-comite-organizador-los-juegos-militares-2019","status":"publish","type":"post","link":"https:\/\/colimdo.org\/noticias\/designan-al-coronel-carlos-mejia-presidente-comite-organizador-los-juegos-militares-2019\/","title":{"rendered":"Designan al Coronel Carlos Mej\u00eda presidente Comit\u00e9 Organizador de los Juegos Militares 2019"},"content":{"rendered":"<p class=\"x_MsoNormal\">Santo Domingo. El coronel Carlos Mej\u00eda de la Polic\u00eda Nacional, ha sido designado como presidente del Comit\u00e9 Organizador de los Juegos Deportivos Militares y policiales del 2019 en su 50 aniversario, que se montan bajo la direcci\u00f3n del C\u00edrculo Deportivo de las Fuerzas Armadas y la Polic\u00eda Nacional (CIDEFAPON).<\/p>\n<p class=\"x_MsoNormal\">La instituci\u00f3n que dirige el deporte militar y policial, es comandada por el coronel Kalil Hach\u00e9 Malkun del Ej\u00e9rcito Nacional, en un comit\u00e9 integrado adem\u00e1s por los coroneles\u00a0Jos\u00e9 Manuel de los Santos S\u00e1nchez, vicepresidente; Jos\u00e9 Luis N\u00fa\u00f1ez Garc\u00eda, Secretario General; teniente coronel Lupo Hern\u00e1ndez Contreras, tesorero; y el general de brigada (r) m\u00e9dico Juan A. Niemen, miembro.<\/p>\n<p class=\"x_MsoNormal\">Ese consejo directivo tambi\u00e9n est\u00e1n los coroneles Jos\u00e9 Alberto Ortiz Torres, Jorge Molina Paulino, Julio E. P\u00e9rez Feliz y el capit\u00e1n de Fragata Freddy N\u00fa\u00f1ez Jorge, como vocales y el director m\u00e9dico lo es el capit\u00e1n de fragata, M\u00e1ximo Rosa Carvajal. El primer teniente Rafael Cordero Hach\u00e9 es el director t\u00e9cnico\u00a0y los asimilados militares Domingo Gonz\u00e1lez y Julio Valdez, miembros coordinadores de prensa.<\/p>\n<p class=\"x_MsoNormal\">\u201cAsumimos la funci\u00f3n con la disposici\u00f3n de trabajar a favor de un evento esplendoroso, junto a los dem\u00e1s integrantes del mismo, cumpliendo los reglamentos establecidos y las disposiciones del Consejo Directivo\u201d, a favor del engrandecimiento del atleta militar y policial, que muchos lauros han dado a nuestro pa\u00eds\u201d, se\u00f1al\u00f3 el coronel Mej\u00eda.<\/p>\n<p class=\"x_MsoNormal\">El coronel Mej\u00eda est\u00e1 involucrado en las actividades deportivas del C\u00edrculo Deportivo Militar desde su ingreso a la Polic\u00eda Nacional, y luego de ascenso a oficial juega en la receptor\u00eda del equipo de oficiales de la instituci\u00f3n de orden.<\/p>\n<p class=\"x_MsoNormal\">Se\u00f1al\u00f3 que desde la posici\u00f3n impulsar\u00e1 medidas dirigidas a fortalecer los origines de la fundaci\u00f3n del, de estrechar lazos fraternos entre los miembros de las instituciones castrenses y la Polic\u00eda Nacional y para ello se aferrar\u00e1 el cumplimiento de los reglamentos y las disposiciones que emanen de las asambleas de miembros.<\/p>\n<p class=\"x_MsoNormal\">\u201cEn nuestra agenda est\u00e1 planteado dar seguimiento a todos nuestros atletas \u00e9lites, miembros de selecciones nacionales, que nos representan con honra en cert\u00e1menes internacionales, dando lauros al pa\u00eds\u201d, enfatiz\u00f3 el oficial superior.<\/p>\n","protected":false},"excerpt":{"rendered":"<p>La instituci\u00f3n que dirige el deporte militar y policial, es comandada por el coronel Kalil Hach\u00e9 Malkun del Ej\u00e9rcito Nacional, en un comit\u00e9 integrado adem\u00e1s por los coroneles\u00a0Jos\u00e9 Manuel de los Santos S\u00e1nchez, vicepresidente; Jos\u00e9 Luis N\u00fa\u00f1ez Garc\u00eda, Secretario General; teniente coronel Lupo Hern\u00e1ndez Contreras, tesorero; y el general de brigada (r) m\u00e9dico Juan A. Niemen, miembro.<\/p>\n","protected":false},"author":16,"featured_media":49298,"comment_status":"closed","ping_status":"closed","sticky":false,"template":"","format":"standard","meta":[],"categories":[2,60],"tags":[],"acf":[],"_links":{"self":[{"href":"https:\/\/colimdo.org\/wp-api\/wp\/v2\/posts\/49297"}],"collection":[{"href":"https:\/\/colimdo.org\/wp-api\/wp\/v2\/posts"}],"about":[{"href":"https:\/\/colimdo.org\/wp-api\/wp\/v2\/types\/post"}],"author":[{"embeddable":true,"href":"https:\/\/colimdo.org\/wp-api\/wp\/v2\/users\/16"}],"replies":[{"embeddable":true,"href":"https:\/\/colimdo.org\/wp-api\/wp\/v2\/comments?post=49297"}],"version-history":[{"count":1,"href":"https:\/\/colimdo.org\/wp-api\/wp\/v2\/posts\/49297\/revisions"}],"predecessor-version":[{"id":49299,"href":"https:\/\/colimdo.org\/wp-api\/wp\/v2\/posts\/49297\/revisions\/49299"}],"wp:featuredmedia":[{"embeddable":true,"href":"https:\/\/colimdo.org\/wp-api\/wp\/v2\/media\/49298"}],"wp:attachment":[{"href":"https:\/\/colimdo.org\/wp-api\/wp\/v2\/media?parent=49297"}],"wp:term":[{"taxonomy":"category","embeddable":true,"href":"https:\/\/colimdo.org\/wp-api\/wp\/v2\/categories?post=49297"},{"taxonomy":"post_tag","embeddable":true,"href":"https:\/\/colimdo.org\/wp-api\/wp\/v2\/tags?post=49297"}],"curies":[{"name":"wp","href":"https:\/\/api.w.org\/{rel}","templated":true}]}}