{"id":49319,"date":"2019-02-26T21:50:35","date_gmt":"2019-02-26T21:50:35","guid":{"rendered":"https:\/\/colimdo.org\/?p=49319"},"modified":"2019-02-26T21:50:35","modified_gmt":"2019-02-26T21:50:35","slug":"jean-carlos-crispin-gana-tercera-etapa-vuelta-independencia-provincia","status":"publish","type":"post","link":"https:\/\/colimdo.org\/noticias\/jean-carlos-crispin-gana-tercera-etapa-vuelta-independencia-provincia\/","title":{"rendered":"Jean Carlos Crisp\u00edn gana tercera etapa de Vuelta Independencia en su propia provincia"},"content":{"rendered":"<p><span lang=\"ES-DO\">Santo Domingo.\u00a0<\/span><span lang=\"ES-DO\">El dominicano Jean Carlos Crisp\u00edn se llev\u00f3 los principales palmares este martes en la segunda etapa de la edici\u00f3n 40 de la VueltaCiclista<\/span>Independencia,\u00a0\u00a0evento realizado en el recorrido Santo Domingo- Boca Chica- San Pedro de Macor\u00eds- La Romana, teniendo un recorrido de\u00a0130 kil\u00f3metros.<\/p>\n<p>Crisp\u00edn se convirti\u00f3 en un profeta en su propia tierra, tras ganar la primera etapa de su carrera en un giro de esta magnitud y lo hizo gracias a una fuerte sprintada final en la que super\u00f3 a unos ocho competidores que como fiera fueron en busca de lograr la victoria.<\/p>\n<p>Una competencia de gran arrastre, con muchos pedalistas intercambiando la punta de la misma, Crisp\u00edn recibi\u00f3 gran soporte de sus compa\u00f1eros de equipo en el Team la Romana para mantenerse con las suficientes energ\u00edas para realizar un gran spring y poder llevarse la prueba.<\/p>\n<p>\u201cEs algo s\u00faper emocionante, ganar una etapa y hacerlo en mi propio pueblo, esto es lo mejor que me ha podido ocurrir \u201d, expres\u00f3 el pedalista, minutos despu\u00e9s de cruzar la meta en la primera posici\u00f3n.<\/p>\n<p>El romanense recorri\u00f3 los 130 kil\u00f3metros en tiempo de dos horas: 46 minutos y 48 segundos para encabezar un p\u00f3dium netamente dominicano, un hecho pocas veces acaecido en una Vuelta Independencia.<\/p>\n<p>C\u00e9sar Marte, de Asodoci Nueva York fue segundo, en tanto que Deivy Capell\u00e1n, reapareciendo tras una extensa inactividad ocup\u00f3 el tercer puesto, corriendo en representaci\u00f3n de ECC Santiago.\u00a0\u00a0El cuarto lugar correspondi\u00f3 a<\/p>\n<p>Stephan Bakker, de la Selecci\u00f3n Global Cycling Holland, Cristopher Jurado, de la selecci\u00f3n de Centroam\u00e9rica fue quinto, Steven Zamora, de Bolivia concluy\u00f3 en sexto y Jonathan Ogando, de Arcoiris finaliz\u00f3 en s\u00e9ptimo. Rodolfo Puello, de la Romana fue octavo, siendo el otro quisqueyano que estuvo entre los mejores diez.<\/p>\n<p>La carrera anticipaba ser\u00eda dominada por los dominicanos, pues en los\u00a0primeros 40 kil\u00f3metros algunos de ellos estuvieron al frente como Emmanuel N\u00fa\u00f1ez, Rodny Minier, Norlandys Taveras, Carlos C\u00e9spedes, Junior Marte.<\/p>\n<p>Pocos kil\u00f3metros despu\u00e9s, la supremac\u00eda estuvo compacta con unos 15 corredores al frente del mismo, transitando ya en ruta hacia la Romana, en la que los integrantes del Team Medell\u00edn, Reinier Honig y Sjors Handgraaf se colocaron a la vanguardia de la misma en ruta de repetir el gran logro de la primera etapa.<\/p>\n<p>El evento cuenta con categor\u00eda 2.2 avalado por la Uni\u00f3n Ciclista Internacional, el mismo otorga puntos para los Juegos Ol\u00edmpicos de Tokyo 2020 y est\u00e1 dedicado al periodista H\u00e9ctor J. Cruz, Editor Deportivo del List\u00edn Diario. Las incidencias de la edici\u00f3n 40 de la Vuelta Ciclista Independencia pueden ser observadas por Colimdo TV, canal del Comit\u00e9 Ol\u00edmpico Dominicano, canal 88 de Claro en la voz del comunicador Eliseo De Pablos.<\/p>\n<p><span lang=\"ES-DO\">Clasificaci\u00f3n de monta\u00f1a<\/span><\/p>\n<p><span lang=\"ES-DO\">La segunda etapa tuvo un premio de monta\u00f1a, el cual fue conquistado por Handgraaf, Honig fue segundo y Sebasti\u00e1n Caro concluy\u00f3 en tercero. Los premios de monta\u00f1as son dominados por\u00a0Chalapud, quien acumula 10 puntos, John Nava, de Venezuela tiene 10\u00a0\u00a0y Handgraaf cuenta con cinco.<\/span><\/p>\n<p><span lang=\"ES-DO\">Metas Volantes<\/span><\/p>\n<p><span lang=\"ES-DO\">En la prueba hubo tres metas volantes, las dos primeras fueron ganadas por Jorge Luis Mart\u00ednez,\u00a0\u00a0de Arcoiris\u00a0\u00a0(Boca Chica y Juan Dolio) y la tercera por Diego Mil\u00e1n, de Inteja Imca Ridea DCT (Hato Mayor.\u00a0Luego de esta segunda etapa, Mart\u00ednez\u00a0\u00a0domina las metas volantes con 6 puntos, seguido por Mil\u00e1n con cinco y Cristopher Jurado suma tres.<\/span><\/p>\n<p><span lang=\"ES-DO\">Clasificaci\u00f3n general<\/span><\/p>\n<p><span lang=\"ES-DO\">Tras pasar la segunda etapa, Robinson Chalapud, del Team Medell\u00edn domina la clasificaci\u00f3n general al acumular 5:53;49, el segundo puesto es para Bakker a 39 segundos; Steven Cuesta tambi\u00e9n est\u00e1 a 39 segundos, Oscar Sevilla est\u00e1 a 40 segundos y Alonso Gamero est\u00e1 a 41. Ismael S\u00e1nchez es el mejor clasificado a 51 segundos.<\/span><\/p>\n<p><span lang=\"ES-DO\">Por puntos y equipos<\/span><\/p>\n<p><span lang=\"ES-DO\">Chalapud lidera en la clasificaci\u00f3n por puntos con 25, empatado con Crisp\u00edn,\u00a0\u00a0Bakker cuenta con 24 puntos al igual que Cuesta y Sevilla suma 20.<\/span><\/p>\n<p><span lang=\"ES-DO\">Por equipos, el Team Medell\u00edn acumula 17:43;03, la Selecci\u00f3n Global Cycling Holland est\u00e1 a 55 segundos, Deprisa Bolivia sigue a 1:08 minutos,\u00a0\u00a0la Selecci\u00f3n de Venezuela es cuarto a 1:11 minutos y el Team Saitel est\u00e1 a 1:39 minutos.<\/span><\/p>\n<p><span lang=\"ES-DO\">La clasificaci\u00f3n general Sub 23 es liderada por Abner Gonz\u00e1lez, ocupando Luis L\u00f3pez el segundo lugar a 55 segundos y Leonel Quintero figura en tercero a 1:09 minutos.<\/span><\/p>\n<p><span lang=\"ES-DO\">Etapa<\/span><span lang=\"ES-DO\">\u00a0de este jueves<\/span><\/p>\n<p><span lang=\"ES-DO\">Para este mi\u00e9rcoles est\u00e1 programada la celebraci\u00f3n de la tercera etapa, la misma saldr\u00e1 a las nueve de la ma\u00f1ana y por tercer a\u00f1o ser\u00e1 un circuito en Villa Altagracia, que tendr\u00e1 un recorrido de 130 kil\u00f3metros.<\/span><\/p>\n","protected":false},"excerpt":{"rendered":"<p>El romanense domina la segunda jornada y junto a C\u00e9sar Marte y Deivy Capell\u00e1n integran un p\u00f3dium netamente dominicano.<\/p>\n","protected":false},"author":16,"featured_media":49320,"comment_status":"closed","ping_status":"closed","sticky":false,"template":"","format":"standard","meta":[],"categories":[2,60],"tags":[],"acf":[],"_links":{"self":[{"href":"https:\/\/colimdo.org\/wp-api\/wp\/v2\/posts\/49319"}],"collection":[{"href":"https:\/\/colimdo.org\/wp-api\/wp\/v2\/posts"}],"about":[{"href":"https:\/\/colimdo.org\/wp-api\/wp\/v2\/types\/post"}],"author":[{"embeddable":true,"href":"https:\/\/colimdo.org\/wp-api\/wp\/v2\/users\/16"}],"replies":[{"embeddable":true,"href":"https:\/\/colimdo.org\/wp-api\/wp\/v2\/comments?post=49319"}],"version-history":[{"count":1,"href":"https:\/\/colimdo.org\/wp-api\/wp\/v2\/posts\/49319\/revisions"}],"predecessor-version":[{"id":49321,"href":"https:\/\/colimdo.org\/wp-api\/wp\/v2\/posts\/49319\/revisions\/49321"}],"wp:featuredmedia":[{"embeddable":true,"href":"https:\/\/colimdo.org\/wp-api\/wp\/v2\/media\/49320"}],"wp:attachment":[{"href":"https:\/\/colimdo.org\/wp-api\/wp\/v2\/media?parent=49319"}],"wp:term":[{"taxonomy":"category","embeddable":true,"href":"https:\/\/colimdo.org\/wp-api\/wp\/v2\/categories?post=49319"},{"taxonomy":"post_tag","embeddable":true,"href":"https:\/\/colimdo.org\/wp-api\/wp\/v2\/tags?post=49319"}],"curies":[{"name":"wp","href":"https:\/\/api.w.org\/{rel}","templated":true}]}}