{"id":49344,"date":"2019-02-27T00:45:00","date_gmt":"2019-02-27T00:45:00","guid":{"rendered":"https:\/\/colimdo.org\/?p=49344"},"modified":"2019-02-27T00:45:00","modified_gmt":"2019-02-27T00:45:00","slug":"uribe-afirma-jugadores-nba-estaran-rd-mundial-apoya-continuidad-melvyn-lopez","status":"publish","type":"post","link":"https:\/\/colimdo.org\/noticias\/uribe-afirma-jugadores-nba-estaran-rd-mundial-apoya-continuidad-melvyn-lopez\/","title":{"rendered":"Uribe afirma jugadores NBA estar\u00e1n con RD en el Mundial; apoya continuidad de Melvyn L\u00f3pez"},"content":{"rendered":"<p>SANTO DOMINGO. Hanly Ram\u00edrez. La Rep\u00fablica Dominicana alcanz\u00f3 su primer objetivo que era lograr su pase al Mundial de Baloncesto que ser\u00e1 realizado este a\u00f1o en China, ahora la meta es poner el \u00a0mejor talento que posee el seleccionado nacional en cancha para este evento, incluyendo entre ellos a los jugadores NBA, Karl Towns, Al Horford y \u00c1ngel Luis Delgado, quienes asegur\u00f3 el presidente de Federaci\u00f3n Dominicana de Baloncesto (Fedombal), Rafael Uribe, estar\u00e1n en el conjunto quisqueyano.<\/p>\n<p>\u201cTendremos a nuestros NBA en el Mundial, van a estar Karl Towns, Al Horford,\u00a0 \u00c1ngel Luis Delgado y Eulis B\u00e1ez, t\u00e9nganlo por seguro que van a estar\u201d, dijo Uribe, quien revel\u00f3 que han estado en contacto con ellos y han expresado su deseo de representar al pa\u00eds en el certamen mundialista.<\/p>\n<p>Junto a estos otras figuras que podr\u00edan sumarse ser\u00edan Edgar Sosa, quien no estuvo en esta ventana debido a una lesi\u00f3n y James Feldine, quien no pudo accionar por compromisos laborales, pero que seg\u00fan inform\u00f3 el gerente general del combinado dominicano, Francisco Garc\u00eda se sumar\u00e1 a la escuadra para este nuevo reto.<\/p>\n<p>Apoyo a Melvyn L\u00f3pez<\/p>\n<p>Antes de la celebraci\u00f3n del partido ante Brasil, que le dio la clasificaci\u00f3n a Rep\u00fablica Dominicana al Mundial, el gerente general del seleccionado nacional, Francisco Garc\u00eda dijo en una entrevista al programa Revista Deportiva, que de lograr el pase a China, no garantizaba la continuidad del dirigente Melvyn L\u00f3pez al frente del equipo, una opini\u00f3n que Uribe respeta, pero que no precisamente comparte.<\/p>\n<p>\u201cEsa es la opini\u00f3n personal de Francisco Garc\u00eda y la respeto\u201d, Extern\u00f3 Uribe, quien contin\u00fao diciendo que \u201cMelvyn L\u00f3pez llev\u00f3 al equipo al Mundial, es un dirigente probado a nivel local e internacional, por lo que yo entiendo que es el dirigente de la selecci\u00f3n hasta que se demuestre lo contrario\u201d.<\/p>\n<p>Aunque mostr\u00f3 su apoyo a L\u00f3pez, el presidente de Fedombal se\u00f1al\u00f3 que cuando se vaya a tomar ese tipo de decisiones, siempre se har\u00e1n pensando en lo m\u00e1s beneficiosa para el equipo que representa al pa\u00eds\u201d.<\/p>\n<p>Enfocados en China 2019<\/p>\n<p>El Mundial de Baloncesto est\u00e1 pautada a celebrarse del 31 de agosto al 15 de septiembre, por lo que desde ahora y hasta esa fecha el trabajo de la Federaci\u00f3n Dominicana de Baloncesto y los encargados del seleccionado nacional no descansar\u00e1n y pondr\u00e1n todo su empe\u00f1o en llevar un conjunto en las mejores condiciones para competir.<\/p>\n<p>\u201cQueda poco tiempo. En 15 d\u00edas estar\u00e9 viajando a Beijing, China, para el sorteo que se estar\u00e1 realizando el 16 marzo\u201d, quien especific\u00f3 que se est\u00e1 trabajando desde ya, en la elaboraci\u00f3n de un programa de fogueos, mediante el cual buscar\u00e1n realizar un enfrentamiento con la selecci\u00f3n de los Estados Unidos.<\/p>\n<p>Otro punto que detall\u00f3 Uribe, fue que el conjunto tricolor tomar\u00e1 su participaci\u00f3n en los Juegos Panamericanos de Lima, Per\u00fa, como un evento preparativo antes de arribar al Mundial.<\/p>\n","protected":false},"excerpt":{"rendered":"<p>El presidente de Fedombal est\u00e1 seguro que Karl Towns, Al Horford y \u00c1ngel Delgado estar\u00e1n con el seleccionado nacional en China.<\/p>\n","protected":false},"author":16,"featured_media":49345,"comment_status":"closed","ping_status":"closed","sticky":false,"template":"","format":"standard","meta":[],"categories":[2,60],"tags":[],"acf":[],"_links":{"self":[{"href":"https:\/\/colimdo.org\/wp-api\/wp\/v2\/posts\/49344"}],"collection":[{"href":"https:\/\/colimdo.org\/wp-api\/wp\/v2\/posts"}],"about":[{"href":"https:\/\/colimdo.org\/wp-api\/wp\/v2\/types\/post"}],"author":[{"embeddable":true,"href":"https:\/\/colimdo.org\/wp-api\/wp\/v2\/users\/16"}],"replies":[{"embeddable":true,"href":"https:\/\/colimdo.org\/wp-api\/wp\/v2\/comments?post=49344"}],"version-history":[{"count":1,"href":"https:\/\/colimdo.org\/wp-api\/wp\/v2\/posts\/49344\/revisions"}],"predecessor-version":[{"id":49346,"href":"https:\/\/colimdo.org\/wp-api\/wp\/v2\/posts\/49344\/revisions\/49346"}],"wp:featuredmedia":[{"embeddable":true,"href":"https:\/\/colimdo.org\/wp-api\/wp\/v2\/media\/49345"}],"wp:attachment":[{"href":"https:\/\/colimdo.org\/wp-api\/wp\/v2\/media?parent=49344"}],"wp:term":[{"taxonomy":"category","embeddable":true,"href":"https:\/\/colimdo.org\/wp-api\/wp\/v2\/categories?post=49344"},{"taxonomy":"post_tag","embeddable":true,"href":"https:\/\/colimdo.org\/wp-api\/wp\/v2\/tags?post=49344"}],"curies":[{"name":"wp","href":"https:\/\/api.w.org\/{rel}","templated":true}]}}