{"id":49361,"date":"2019-02-27T20:47:19","date_gmt":"2019-02-27T20:47:19","guid":{"rendered":"https:\/\/colimdo.org\/?p=49361"},"modified":"2019-02-27T20:47:19","modified_gmt":"2019-02-27T20:47:19","slug":"medina-resalta-juegos-nacionales-centroamericanos-mundial-olimpiadas-especiales-discurso","status":"publish","type":"post","link":"https:\/\/colimdo.org\/noticias\/medina-resalta-juegos-nacionales-centroamericanos-mundial-olimpiadas-especiales-discurso\/","title":{"rendered":"Medina resalta Juegos Nacionales, Centroamericanos y Mundial de Ol\u00edmpiadas Especiales en su discurso"},"content":{"rendered":"<p>Santo Domingo. El presidente de la Rep\u00fablica Dominicana, licenciado Danilo Medina, en su discurso de rendici\u00f3n de cuentas de este 27 de febrero, D\u00eda de la Independencia Nacional, se refiri\u00f3 al deporte al tocar tres eventos como fueron los Juegos Nacionales, los resultados de los Juegos Centroamericanos y del Caribe y el Mundial de Tenis de las Olimpiadas Especiales celebrado en el pa\u00eds.<\/p>\n<p>En su alocuci\u00f3n de 2 horas y 30 minutos, el primer mandatario del pa\u00eds resalt\u00f3 el rescate de los Juegos Nacionales que fueron celebrados del 6 al 16de diciembre del pasado a\u00f1o en la provincia Hermanas Mirabal, como un \u00e9xito de la gesti\u00f3n que desarrolla su gobierno<\/p>\n<p>\u201cLos Juegos Nacionales Hermanas Mirabal 2018, que desde hac\u00eda 12 a\u00f1os se celebraban, los rescatamos\u201d, dijo Medina ante el aplauso de los presentes en el Congreso Nacional,<\/p>\n<p>\u201cEn esos Juegos Nacionales participaron m\u00e1s de 4 mil atletas del pa\u00eds\u201d, agreg\u00f3 Medina.<\/p>\n<p>Al referirse a los Juegos Centroamericanos y del Caribe Barranquilla 2018, el presidente Medina, resalt\u00f3 los resultados alcanzados por la delegaci\u00f3n dominicana en el evento regional<\/p>\n<p>\u201cNuestros atletas dominicanos trajeron al pa\u00eds 107 medallas de los Juegos Centroamericanos y del Caribe de Barranquilla\u201d, a lo que a\u00f1adi\u00f3 \u201clo que nos ubic\u00f3 como el pa\u00eds con mayor crecimiento de medallas obtenidas\u201d.<\/p>\n<p>Por \u00faltimo en referencia al deporte, el principal funcionario del pa\u00eds, se\u00f1al\u00f3 el impacto internacional alcanzado por la celebraci\u00f3n del el Mundial de Tenis de las Olimpiadas Especiales.<\/p>\n<p>\u201cTambi\u00e9n acogimos en Santo Domingo el evento de Mundial de Tenis de las Olimpiadas Especiales, donde obtuvimos 16 medallas. Estando as\u00ed elevando nuestra bandera en el deporte internacional\u201d, cerrando de esta manera el regl\u00f3n deportes en su discurso de este 27 de febrero.<\/p>\n","protected":false},"excerpt":{"rendered":"<p>El presidente de la Rep\u00fablica, Danilo Medina resalt\u00f3 el rescate de los Juegos Nacionales y el impacto de internacional de la participaci\u00f3n dominicana en los Juegos Centroamericanos y del Caribe, como tambi\u00e9n el haber celebrado el Mundial de Tenis de Olimpiadas Especiales.<\/p>\n","protected":false},"author":16,"featured_media":49362,"comment_status":"closed","ping_status":"closed","sticky":false,"template":"","format":"standard","meta":[],"categories":[2,60],"tags":[],"acf":[],"_links":{"self":[{"href":"https:\/\/colimdo.org\/wp-api\/wp\/v2\/posts\/49361"}],"collection":[{"href":"https:\/\/colimdo.org\/wp-api\/wp\/v2\/posts"}],"about":[{"href":"https:\/\/colimdo.org\/wp-api\/wp\/v2\/types\/post"}],"author":[{"embeddable":true,"href":"https:\/\/colimdo.org\/wp-api\/wp\/v2\/users\/16"}],"replies":[{"embeddable":true,"href":"https:\/\/colimdo.org\/wp-api\/wp\/v2\/comments?post=49361"}],"version-history":[{"count":1,"href":"https:\/\/colimdo.org\/wp-api\/wp\/v2\/posts\/49361\/revisions"}],"predecessor-version":[{"id":49363,"href":"https:\/\/colimdo.org\/wp-api\/wp\/v2\/posts\/49361\/revisions\/49363"}],"wp:featuredmedia":[{"embeddable":true,"href":"https:\/\/colimdo.org\/wp-api\/wp\/v2\/media\/49362"}],"wp:attachment":[{"href":"https:\/\/colimdo.org\/wp-api\/wp\/v2\/media?parent=49361"}],"wp:term":[{"taxonomy":"category","embeddable":true,"href":"https:\/\/colimdo.org\/wp-api\/wp\/v2\/categories?post=49361"},{"taxonomy":"post_tag","embeddable":true,"href":"https:\/\/colimdo.org\/wp-api\/wp\/v2\/tags?post=49361"}],"curies":[{"name":"wp","href":"https:\/\/api.w.org\/{rel}","templated":true}]}}