{"id":49374,"date":"2019-02-27T21:29:04","date_gmt":"2019-02-27T21:29:04","guid":{"rendered":"https:\/\/colimdo.org\/?p=49374"},"modified":"2019-02-27T21:29:04","modified_gmt":"2019-02-27T21:29:04","slug":"jonathan-ogando-triunfa-pone-vibrar-pueblo-villa-altagracia-vuelta-indepencia","status":"publish","type":"post","link":"https:\/\/colimdo.org\/noticias\/jonathan-ogando-triunfa-pone-vibrar-pueblo-villa-altagracia-vuelta-indepencia\/","title":{"rendered":"Jonathan Ogando triunfa y pone a vibrar a su pueblo Villa Altagracia en Vuelta Indepencia"},"content":{"rendered":"<p>Villa Altagracia. Jonathan Ogando tambi\u00e9n quiso poner a vibrar a su pueblo y lo consigui\u00f3 con un brillante triunfo. Justo 24 horas despu\u00e9s de que Jean Carlos Crisp\u00edn se alz\u00f3 con la victoria en su natal la Romana, Ogando logr\u00f3 la gran honra de triunfar en la provincia que lo vio nacer, Villa Altagracia..<\/p>\n<p>Ogando, un brillante corredor en la pista hizo alarde de gran sprintada para alzarse con el triunfo en la tercera etapa de la edici\u00f3n 40 de la Vuelta Ciclista Independencia, certamen que comprendi\u00f3 un circuito de 149.5 kil\u00f3metros ( 13 vueltas) en esta demarcaci\u00f3n.<\/p>\n<p>El Villano como es conocido en el \u00e1mbito del ciclismo arremeti\u00f3 con fortaleza en una llegada que incluy\u00f3 unos 25 pedalistas, hecho que se presagiaba se producir\u00eda tras en la vuelta anterior el pelot\u00f3n pasar compacto por la meta.<\/p>\n<p>El representante de arco\u00edris alcanz\u00f3 lo que estuvo bien cerca de alcanzar el a\u00f1o pasado, en que hab\u00eda arribado en el segundo puesto en el circuito efectuado en esta ciudad y este mi\u00e9rcoles en la celebraci\u00f3n de un aniversario m\u00e1s de la Independencia Nacional pudo brindarle esta gran victoria a su gentes.<\/p>\n<p>\u201cEsto ha sido bien grande para m\u00ed, un triunfo representa mucho y claro se lo dedico a todas esas personas que siempre me han brindado su gran aprecio y seguido de cerca mi carrera\u201d, expres\u00f3 un euf\u00f3rico Ogando, tras ser cargado en brazos por varios seguidores, quienes transcurrieron varias esquinas con \u00e9l..<\/p>\n<p>La victoria el martes de Crisp\u00edn, en la Romana y de Ogando al d\u00eda siguiente en Villa Altagracia marca la primera ocasi\u00f3n en los 40 a\u00f1os de historia de la Vuelta Ciclista que dos pedalistas se apoderan del triunfo en su propia tierra en fechas seguidas..<\/p>\n<p>Ogando recorri\u00f3 los 149.5 kil\u00f3metros en tiempo de tres horas: 10 minutos y 26 segundos, ocupando Deivy Capell\u00e1n de ECC Santiago el segundo puesto, Stephen Bakker,\u00a0\u00a0de Global Cycling Holland fue tercero, Weimar Roldan ocup\u00f3 el cuarto, C\u00e9sar Marte, de Asodoci Nueva York concluy\u00f3 en quinto , Kenny Jacques alcanz\u00f3 el sexto y Alberto Ramos, de Eda Evolution finaliz\u00f3 s\u00e9ptimo.<\/p>\n<p>Lider general<\/p>\n<p>Tras culminar la tercera etapa, Robinson Chalapud, del Team Medell\u00edn contin\u00faa en la primera posici\u00f3n al acumular 9:04:00, el segundo puesto lo ocupa Oscar Sevilla a 46 segundos, Bakker es tercero a 49; Alonso Gamero es cuarto a 49 segundos. Ismael S\u00e1nchez es el dominicano mejor clasificado y est\u00e1 a 53 segundos.<\/p>\n<p>Monta\u00f1as y metas volantes.<\/p>\n<p>Los premios de monta\u00f1as fueron conquistados por Noel Reyes, de Inteja Imca Ridea, el segundo puesto fue para Ram\u00f3n Mer\u00e1n, de Aero Cycling Team y Alberto Rab\u00f3n, de Bolivia fue tercero. El segundo premio fue ganado por Mer\u00e1n, Reyes fue segundo y Koontz alcanz\u00f3 el tercero. La general de monta\u00f1a es compartida por Mer\u00e1n y John Nava con 12 puntos cada uno; Chalapud cuenta con 10<\/p>\n<p>En tanto, las metas volantes fueron conquistadas, la primera por Capell\u00e1n, de ECC Santiago ocupando Cristhoper Jurado, de la selecci\u00f3n de Centroam\u00e9rica el segundo lugar, el tercero correspondi\u00f3 a Weimar Rold\u00e1n, de la selecci\u00f3n de Medell\u00edn.<\/p>\n<p>La segunda fue lograda por M\u00e1ximo Rojas,\u00a0\u00a0del Team Venezuela, Reyes y William Guzm\u00e1n, ambos de Inteja Imca Ridea ocuparon el segundo y tercer puesto. La tercera fue obtenida por Mer\u00e1n, Reyes fue segundo y Koontz, de Marc Pro USA fue tercero.<\/p>\n<p>Tras concluir la etapa, Jorge Luis Mart\u00ednez, de Arcorisis domina las metas volantes con seis puntos, Cristhoper Jurado es segundo con 5, empatado con Diego Mil\u00e1n.<\/p>\n<p>General por puntos y por equipos<\/p>\n<p>La general por puntos es dominada por Bakker con 40, seguido de Capell\u00e1n con 36, Ogando cuenta con 34 puntos y Marte 32.<\/p>\n<p>Por equipos, el Team Medell\u00edn suma 27 horas; 13 minutos y 56 segundos, el Global Cycling Holland es segundo a 57 segundos, Deprisa Bolivia es tercero a 57. La general sub 23 es dominada por Abner Gonz\u00e1lez, seguido por Stalyn Puentestar.<\/p>\n<p>La etapa de este jueves<\/p>\n<p>La jornada de este jueves, la cuarta del giro comprender\u00e1 la ruta Santo Domingo hasta llegar a Monte Plata, siendo el trayecto a recorrer es de 122.5 kil\u00f3metros<\/p>\n","protected":false},"excerpt":{"rendered":"<p>El pedalista imita el \u00e9xito logrado por Jean Carlos Crisp\u00edn en la Romana para alcanzar una proeza en el ciclismo dominicano<\/p>\n","protected":false},"author":16,"featured_media":49375,"comment_status":"closed","ping_status":"closed","sticky":false,"template":"","format":"standard","meta":[],"categories":[2,60],"tags":[],"acf":[],"_links":{"self":[{"href":"https:\/\/colimdo.org\/wp-api\/wp\/v2\/posts\/49374"}],"collection":[{"href":"https:\/\/colimdo.org\/wp-api\/wp\/v2\/posts"}],"about":[{"href":"https:\/\/colimdo.org\/wp-api\/wp\/v2\/types\/post"}],"author":[{"embeddable":true,"href":"https:\/\/colimdo.org\/wp-api\/wp\/v2\/users\/16"}],"replies":[{"embeddable":true,"href":"https:\/\/colimdo.org\/wp-api\/wp\/v2\/comments?post=49374"}],"version-history":[{"count":1,"href":"https:\/\/colimdo.org\/wp-api\/wp\/v2\/posts\/49374\/revisions"}],"predecessor-version":[{"id":49376,"href":"https:\/\/colimdo.org\/wp-api\/wp\/v2\/posts\/49374\/revisions\/49376"}],"wp:featuredmedia":[{"embeddable":true,"href":"https:\/\/colimdo.org\/wp-api\/wp\/v2\/media\/49375"}],"wp:attachment":[{"href":"https:\/\/colimdo.org\/wp-api\/wp\/v2\/media?parent=49374"}],"wp:term":[{"taxonomy":"category","embeddable":true,"href":"https:\/\/colimdo.org\/wp-api\/wp\/v2\/categories?post=49374"},{"taxonomy":"post_tag","embeddable":true,"href":"https:\/\/colimdo.org\/wp-api\/wp\/v2\/tags?post=49374"}],"curies":[{"name":"wp","href":"https:\/\/api.w.org\/{rel}","templated":true}]}}