{"id":49377,"date":"2019-02-27T21:37:57","date_gmt":"2019-02-27T21:37:57","guid":{"rendered":"https:\/\/colimdo.org\/?p=49377"},"modified":"2019-02-27T21:37:57","modified_gmt":"2019-02-27T21:37:57","slug":"arbitros-judo-van-panama-seminario-actualizacion-nuevas-reglas","status":"publish","type":"post","link":"https:\/\/colimdo.org\/noticias\/arbitros-judo-van-panama-seminario-actualizacion-nuevas-reglas\/","title":{"rendered":"\u00c1rbitros de judo van a Panam\u00e1 a seminario actualizaci\u00f3n nuevas reglas"},"content":{"rendered":"<p><b><span lang=\"ES-DO\">SANTO DOMINGO<\/span><\/b><span lang=\"ES-DO\">. Los dominicanos Manuel Minier, Rolando Robles, Ram\u00f3n Santiago y Wilfredo P\u00e9rez estar\u00e1n tomando parte en el curso sobre las Reglas de Actualizaci\u00f3n de Arbitraje de Judo que se celebrar\u00e1 en Ciudad Panam\u00e1 desde este viernes y hasta el domingo.<\/span><\/p>\n<p><span lang=\"ES-DO\">Los cuatro \u00e1rbitros internacionales de judo quisqueyanos partir\u00e1n este jueves hacia Panam\u00e1, donde se llevar\u00e1 a cabo el encuentro de capacitaci\u00f3n de las reglas del judo con \u00e1rbitros de varios pa\u00edses.<\/span><\/p>\n<p><span lang=\"ES-DO\">La jornada es organizada por la Confederaci\u00f3n Panamericana de Judo y la Federaci\u00f3n Internacional de Judo, con la coordinaci\u00f3n de la Federaci\u00f3n Unida de Judo de Panam\u00e1.<\/span><\/p>\n<p>De acuerdo a los organizadores, el curso tendr\u00e1 entre sus temas los \u00faltimos detalles con relaci\u00f3n a las reglas de arbitraje, las cuales son modificadas cada a\u00f1o, y de estos cambios se tienen que mantener al tanto los diferentes atletas, para mejorar de esta forma su presentaci\u00f3n en el \u00e1mbito nacional e internacional.<\/p>\n<p><span lang=\"ES-DO\">El seminario de arbitraje y entrenadores ser\u00e1 dirigido por Ovidio Garnero, director de Arbitraje de la Confederaci\u00f3n Panamericana de Judo (CPJ) y se espera la participaci\u00f3n de personal de las citadas \u00e1reas de todos los pa\u00edses de Am\u00e9rica.<\/span><\/p>\n<p><span lang=\"ES-DO\">\u201cLa Federaci\u00f3n Dominicana de Judo est\u00e1 impulsando la capacitaci\u00f3n en todas las \u00e1reas del judo, y el arbitraje tambi\u00e9n es nuestra prioridad\u201d, manifest\u00f3 Leidi Germ\u00e1n, directora t\u00e9cnica de la Fedojudo.<\/span><\/p>\n<p><span lang=\"ES-DO\">En el curso\u00a0<\/span><span lang=\"ES-DO\">\u00a0se abordar\u00e1n las m\u00e1s recientes especificaciones y actualizaciones de las reglas de arbitraje que rigen el judo mundial, las cuales deber\u00e1n ser transmitidas a los atletas de los distintos pa\u00edses.<\/span><\/p>\n<p><span lang=\"ES-DO\">De acuerdo a la Federaci\u00f3n Unida de Judo de Panam\u00e1, se entregar\u00e1 un manual y se realizar\u00e1 una prueba a cada participante, as\u00ed como un diploma de participaci\u00f3n a los \u00e1rbitros y entrenadores que no pasen el curso.<\/span><\/p>\n","protected":false},"excerpt":{"rendered":"<p>Los cuatro \u00e1rbitros internacionales de judo quisqueyanos partir\u00e1n este jueves hacia Panam\u00e1, donde se llevar\u00e1 a cabo el encuentro de capacitaci\u00f3n de las reglas del judo con \u00e1rbitros de varios pa\u00edses.<\/p>\n","protected":false},"author":16,"featured_media":49378,"comment_status":"closed","ping_status":"closed","sticky":false,"template":"","format":"standard","meta":[],"categories":[2,60],"tags":[],"acf":[],"_links":{"self":[{"href":"https:\/\/colimdo.org\/wp-api\/wp\/v2\/posts\/49377"}],"collection":[{"href":"https:\/\/colimdo.org\/wp-api\/wp\/v2\/posts"}],"about":[{"href":"https:\/\/colimdo.org\/wp-api\/wp\/v2\/types\/post"}],"author":[{"embeddable":true,"href":"https:\/\/colimdo.org\/wp-api\/wp\/v2\/users\/16"}],"replies":[{"embeddable":true,"href":"https:\/\/colimdo.org\/wp-api\/wp\/v2\/comments?post=49377"}],"version-history":[{"count":1,"href":"https:\/\/colimdo.org\/wp-api\/wp\/v2\/posts\/49377\/revisions"}],"predecessor-version":[{"id":49379,"href":"https:\/\/colimdo.org\/wp-api\/wp\/v2\/posts\/49377\/revisions\/49379"}],"wp:featuredmedia":[{"embeddable":true,"href":"https:\/\/colimdo.org\/wp-api\/wp\/v2\/media\/49378"}],"wp:attachment":[{"href":"https:\/\/colimdo.org\/wp-api\/wp\/v2\/media?parent=49377"}],"wp:term":[{"taxonomy":"category","embeddable":true,"href":"https:\/\/colimdo.org\/wp-api\/wp\/v2\/categories?post=49377"},{"taxonomy":"post_tag","embeddable":true,"href":"https:\/\/colimdo.org\/wp-api\/wp\/v2\/tags?post=49377"}],"curies":[{"name":"wp","href":"https:\/\/api.w.org\/{rel}","templated":true}]}}