{"id":49391,"date":"2019-02-28T00:50:43","date_gmt":"2019-02-28T00:50:43","guid":{"rendered":"https:\/\/colimdo.org\/?p=49391"},"modified":"2019-02-28T00:50:43","modified_gmt":"2019-02-28T00:50:43","slug":"voleibol-femenino-rd-sera-beneficiario-becas-japon","status":"publish","type":"post","link":"https:\/\/colimdo.org\/noticias\/voleibol-femenino-rd-sera-beneficiario-becas-japon\/","title":{"rendered":"Voleibol femenino RD ser\u00e1 beneficiario de becas en Jap\u00f3n"},"content":{"rendered":"<p style=\"font-weight: 400;\">SANTO DOMINGO \u2013 El Programa de Selecciones Femeninas de la Rep\u00fablica Dominicana ha sido seleccionado por la Escuela Superior Juvenil Furukawa Gakuen para ser beneficiario del programa de becas que anualmente otorga la instituci\u00f3n Japonesa.<\/p>\n<p style=\"font-weight: 400;\">El anuncio fue hecho por Crist\u00f3bal Marte Hoffiz, Presidente del Programa y Vicepresidente de la Federaci\u00f3n Dominicana de Voleibol, luego de una reuni\u00f3n sostenida en el pa\u00eds con los se\u00f1ores Norio Okazaki y Kiyotaka Ota, representantes del centro localizado en la Prefectura de Miyagi.<\/p>\n<p style=\"font-weight: 400;\">El acuerdo conlleva que una atleta de la categor\u00eda Sub-16 se beneficiar\u00e1 de una beca completa para estudiar y jugar voleibol con la escuela de Furukawa Gakuen y la posibilidad de continuar haciendo carrera en el voleibol universitario de la naci\u00f3n Japonesa.<\/p>\n<p style=\"font-weight: 400;\">Marte Hoffiz agradeci\u00f3 el gesto de las autoridades de la entidad educativa mediante una carta remitida al profesor Sasaki Seiji, director de la escuela, en la que agradece la visita de la comisi\u00f3n formada por los se\u00f1ores Okazaki y Ota para inspeccionar las actividades y funcionamiento del Programa de Selecciones Femeninas de la Rep\u00fablica Dominicana.<\/p>\n<p style=\"font-weight: 400;\">\u201cLos se\u00f1ores Okazaki y Ota nos visitaron por varios d\u00edas y quedaron muy satisfechos por el funcionamiento de nuestro sistema de entrenamientos y estudios de las j\u00f3venes que participan en el programa que va desde la etapa de iniciaci\u00f3n hasta la selecci\u00f3n mayor\u201d, dijo Marte Hoffiz.<\/p>\n<p style=\"font-weight: 400;\">A\u00f1adi\u00f3 que este acuerdo tiene una importante significaci\u00f3n para el futuro del voleibol Dominicano.<\/p>\n<p style=\"font-weight: 400;\">Record\u00f3 que numerosas jugadoras dominicanas han jugado en la Liga Premier Japonesa incluyendo a pasadas estelares como Milagros Cabral, Yudelkis Bautista y actuales como Bethania del Cruz, Lisvel Eve Mejia \u00a0y Yonkaira Pe\u00f1a entre otras.<\/p>\n","protected":false},"excerpt":{"rendered":"<p>SANTO DOMINGO \u2013 El Programa de Selecciones Femeninas de la Rep\u00fablica Dominicana ha sido seleccionado por la Escuela Superior Juvenil Furukawa Gakuen para ser beneficiario del programa de becas que anualmente otorga la instituci\u00f3n Japonesa. El anuncio fue hecho por Crist\u00f3bal Marte Hoffiz, Presidente del Programa y Vicepresidente de la Federaci\u00f3n Dominicana de Voleibol, luego [&hellip;]<\/p>\n","protected":false},"author":9,"featured_media":49392,"comment_status":"closed","ping_status":"closed","sticky":false,"template":"","format":"standard","meta":[],"categories":[2,60],"tags":[],"acf":[],"_links":{"self":[{"href":"https:\/\/colimdo.org\/wp-api\/wp\/v2\/posts\/49391"}],"collection":[{"href":"https:\/\/colimdo.org\/wp-api\/wp\/v2\/posts"}],"about":[{"href":"https:\/\/colimdo.org\/wp-api\/wp\/v2\/types\/post"}],"author":[{"embeddable":true,"href":"https:\/\/colimdo.org\/wp-api\/wp\/v2\/users\/9"}],"replies":[{"embeddable":true,"href":"https:\/\/colimdo.org\/wp-api\/wp\/v2\/comments?post=49391"}],"version-history":[{"count":1,"href":"https:\/\/colimdo.org\/wp-api\/wp\/v2\/posts\/49391\/revisions"}],"predecessor-version":[{"id":49393,"href":"https:\/\/colimdo.org\/wp-api\/wp\/v2\/posts\/49391\/revisions\/49393"}],"wp:featuredmedia":[{"embeddable":true,"href":"https:\/\/colimdo.org\/wp-api\/wp\/v2\/media\/49392"}],"wp:attachment":[{"href":"https:\/\/colimdo.org\/wp-api\/wp\/v2\/media?parent=49391"}],"wp:term":[{"taxonomy":"category","embeddable":true,"href":"https:\/\/colimdo.org\/wp-api\/wp\/v2\/categories?post=49391"},{"taxonomy":"post_tag","embeddable":true,"href":"https:\/\/colimdo.org\/wp-api\/wp\/v2\/tags?post=49391"}],"curies":[{"name":"wp","href":"https:\/\/api.w.org\/{rel}","templated":true}]}}