{"id":49412,"date":"2019-02-28T20:31:57","date_gmt":"2019-02-28T20:31:57","guid":{"rendered":"https:\/\/colimdo.org\/?p=49412"},"modified":"2019-02-28T20:31:57","modified_gmt":"2019-02-28T20:31:57","slug":"atletismo-introduce-cambios-estatutos","status":"publish","type":"post","link":"https:\/\/colimdo.org\/noticias\/atletismo-introduce-cambios-estatutos\/","title":{"rendered":"Atletismo introduce cambios en sus estatutos"},"content":{"rendered":"<p class=\"x_MsoNormal\"><b><span lang=\"ES-DO\">SANTO DOMINGO<\/span><\/b><span lang=\"ES-DO\">. La Federaci\u00f3n Dominicana de Asociaciones de Atletismo (FDAA) introdujo cambios en los estatutos que rigen los destinos de esa instituci\u00f3n.<\/span><\/p>\n<p class=\"x_MsoNormal\"><span lang=\"ES-DO\">Los cambios incluyeron la aprobaci\u00f3n de 89 art\u00edculos, para adecuar a la FDAA a los nuevos tiempos y dar fiel cumplimiento a los mandamientos de la Federaci\u00f3n Internacional de Atletismo Aficionado (IAAF) y adecuarlos a los estatutos del Comit\u00e9 Ol\u00edmpico Dominicano.<\/span><\/p>\n<p class=\"x_MsoNormal\"><span lang=\"ES-DO\">Las transformaciones contaron con el voto un\u00e1nime de los 27 presidentes de asociaciones provinciales presentes en la Asamblea Estatutaria que se celebr\u00f3 las oficinas de la Federaci\u00f3n de Atletismo. S\u00f3lo cuatro presidentes no estuvieron presentes, de las 31 entidades afiliadas a la FDAA.<\/span><\/p>\n<p class=\"x_MsoNormal\"><span lang=\"ES-DO\">El anuncio sobre la modificaci\u00f3n estatutaria fue anunciado por el presidente de la federaci\u00f3n de campo y pista, el ex atleta ol\u00edmpico Gerardo Suero Correa. La Asamblea Estatutaria fue supervisada por el ingeniero Edwin Rodr\u00edguez, quien funge como enlace del Comit\u00e9 Ol\u00edmpico con la FDAA.<\/span><\/p>\n<p class=\"x_MsoNormal\"><span lang=\"ES-DO\">Gerardo Suero indic\u00f3 que para modificar los estatutos se tom\u00f3 en cuenta el mandato de la IAAF en el documento denominado \u201cTiempo de Cambio\u201d, emitido por el presidente de la Federaci\u00f3n Internacional y ex campe\u00f3n \u00a0ol\u00edmpico en la prueba de 1,500 metros, el brit\u00e1nico Sebasti\u00e1n Coe.<\/span><\/p>\n<p class=\"x_MsoNormal\"><span lang=\"ES-DO\">Adem\u00e1s, a los estatutos del Comit\u00e9 Ol\u00edmpico Dominicano, de la Federaci\u00f3n Panamericana y de la Confederaci\u00f3n Norte, Centroamericana y del Caribe de Atletismo (NACAC).<\/span><\/p>\n<p class=\"x_MsoNormal\"><span lang=\"ES-DO\">Record\u00f3 que es la tercera modificaci\u00f3n estatutaria que de manera interna realiza la federaci\u00f3n desde el a\u00f1o 2001 a la fecha, y la segunda desde la modificaci\u00f3n a la Constituci\u00f3n de la Rep\u00fablica del 2010.<\/span><\/p>\n<p class=\"x_MsoNormal\"><b><span lang=\"ES-DO\">Importantes modificaciones<\/span><\/b><\/p>\n<p class=\"x_MsoNormal\"><span lang=\"ES-DO\">Gerardo Suero cit\u00f3 como punto b\u00e1sico entre las modificaciones, el l\u00edmite de los mandatos de los miembros del Comit\u00e9 Ejecutivo, que comenzar\u00e1n a regir a partir del pr\u00f3ximo a\u00f1o.<\/span><\/p>\n<p class=\"x_MsoNormal\"><span lang=\"ES-DO\">\u201cEn los nuevos estatutos qued\u00f3 establecido que los futuros presidentes tendr\u00e1n un l\u00edmite de tres mandatos y jam\u00e1s podr\u00e1n volver a correr por la presidencia de la federaci\u00f3n\u201d, explic\u00f3 Suero Correa.<\/span><\/p>\n<p class=\"x_MsoNormal\"><span lang=\"ES-DO\">En su caso, como presidente en ejercicio, dijo que la Asamblea de Asociaciones introdujo un transitorio que lo faculta para presentarse a la reelecci\u00f3n por el cuatrienio 2020-2024, pero que de ser electo, no podr\u00e1 presentarse jam\u00e1s como candidato presidencial, ni tampoco a los cargos de vicepresidente, secretario general ni tesorero.<\/span><\/p>\n<p class=\"x_MsoNormal\"><b><span lang=\"ES-DO\">Otros cambios<\/span><\/b><\/p>\n<p class=\"x_MsoNormal\"><span lang=\"ES-DO\">El presidente de la Federaci\u00f3n de Atletismo cit\u00f3 otros cambios importantes hechos por la Asamblea, para el bienestar de ese deporte.<\/span><\/p>\n<p class=\"x_MsoNormal\"><span lang=\"ES-DO\">Precis\u00f3 que las elecciones ser\u00e1n individuales, no por planchas como ha sido tradici\u00f3n.<\/span><\/p>\n<p class=\"x_MsoNormal\"><span lang=\"ES-DO\">Agreg\u00f3 que los dirigentes solo podr\u00e1n ser parte del Comit\u00e9 Ejecutivo por cinco per\u00edodos acumulativos, y que a partir de ah\u00ed tampoco podr\u00e1n volver a optar por un puesto en el ejecutivo.<\/span><\/p>\n<p class=\"x_MsoNormal\"><span lang=\"ES-DO\">\u201cTambi\u00e9n, por primera vez en los estatutos se expresa como podr\u00e1n modificarse y en qu\u00e9 fecha y un a\u00f1o antes de las elecciones presidenciales, se debe saber cu\u00e1les ser\u00e1n las asociaciones con derecho a voz y voto\u201d.<\/span><\/p>\n<p class=\"x_MsoNormal\"><b><span lang=\"ES-DO\">Cuota de la mujer<\/span><\/b><\/p>\n<p class=\"x_MsoNormal\"><span lang=\"ES-DO\">El l\u00edder del atletismo dominicano explic\u00f3 que por primera vez, y a partir de las pr\u00f3ximas elecciones previstas para el a\u00f1o pr\u00f3ximo, dentro de los estatutos se estableci\u00f3 una cuota para la mujer.<\/span><\/p>\n<p class=\"x_MsoNormal\"><span lang=\"ES-DO\">Es decir, que en el 2020 una mujer ser\u00e1 miembro del Comit\u00e9 Ejecutivo y que para el per\u00edodo 2024-2028 entrar\u00e1 una segunda miembro, por sugerencia de la Federaci\u00f3n Internacional.<\/span><\/p>\n<p class=\"x_MsoNormal\"><span lang=\"ES-DO\">Sin embargo, Suero Correa indic\u00f3 que pueden ser mayor el n\u00famero de damas dentro del Comit\u00e9 Ejecutivo, siempre y cuando otras dirigentes participen en el proceso eleccionario como candidatas a los diferentes cargos de elecci\u00f3n. \u00a0\u00a0<\/span><\/p>\n<p class=\"x_MsoNormal\"><b><span lang=\"ES-DO\">Vicepresidencias regionales<\/span><\/b><\/p>\n<p class=\"x_MsoNormal\"><span lang=\"ES-DO\">El presidente de la FDAA revel\u00f3 que fue modificado el sistema de dirigencial a nivel del Comit\u00e9 Ejecutivo, con el cambio de vicepresidencias nacionales por vicepresidentes regionales.<\/span><\/p>\n<p class=\"x_MsoNormal\"><span lang=\"ES-DO\">En tal sentido, dijo que a partir del 2020 habr\u00e1 una vicepresidencia nacional y cinco regionales. Ser\u00e1n, la Zona Metropolitana, que abarcar\u00e1 el Distrito Nacional y la Provincia Santo Domingo; la Norte 1, compuesta por las provincias del Cibao Central y el Nordeste (Bonao, La Vega, Espaillat, Salcedo, San Francisco de Macor\u00eds, Sanchez Ram\u00edrez, Nagua y Saman\u00e1).<\/span><\/p>\n<p class=\"x_MsoNormal\"><span lang=\"ES-DO\">Asimismo, dentro de la vicepresidente del Norte 2 estar\u00e1n Santiago, Mao, Santiago Rodr\u00edguez, Dajab\u00f3n, Puerto Plata y Monte Cristi. La del Este tendr\u00e1 a Monte Plata, San Pedro de Macor\u00eds, Hato Mayor, El Seibo, La Romana e Hig\u00fcey, mientras que en la del Sur est\u00e1n las diez provincias que conforman est\u00e1 regi\u00f3n (San Crist\u00f3bal, Ban\u00ed, Azua, San Jos\u00e9 de Ocoa, San Juan de la Maguana, Barahona, El\u00edas Pi\u00f1a, Pedernales, Bahoruco e Independencia).<\/span><\/p>\n","protected":false},"excerpt":{"rendered":"<p>Suero Correa: &#8220;Cumplimos las disposiciones\u00a0de la\u00a0Federaci\u00f3n Internacional y del Comit\u00e9 Ol\u00edmpico&#8221;.<\/p>\n","protected":false},"author":16,"featured_media":49413,"comment_status":"closed","ping_status":"closed","sticky":false,"template":"","format":"standard","meta":[],"categories":[2,60],"tags":[],"acf":[],"_links":{"self":[{"href":"https:\/\/colimdo.org\/wp-api\/wp\/v2\/posts\/49412"}],"collection":[{"href":"https:\/\/colimdo.org\/wp-api\/wp\/v2\/posts"}],"about":[{"href":"https:\/\/colimdo.org\/wp-api\/wp\/v2\/types\/post"}],"author":[{"embeddable":true,"href":"https:\/\/colimdo.org\/wp-api\/wp\/v2\/users\/16"}],"replies":[{"embeddable":true,"href":"https:\/\/colimdo.org\/wp-api\/wp\/v2\/comments?post=49412"}],"version-history":[{"count":1,"href":"https:\/\/colimdo.org\/wp-api\/wp\/v2\/posts\/49412\/revisions"}],"predecessor-version":[{"id":49414,"href":"https:\/\/colimdo.org\/wp-api\/wp\/v2\/posts\/49412\/revisions\/49414"}],"wp:featuredmedia":[{"embeddable":true,"href":"https:\/\/colimdo.org\/wp-api\/wp\/v2\/media\/49413"}],"wp:attachment":[{"href":"https:\/\/colimdo.org\/wp-api\/wp\/v2\/media?parent=49412"}],"wp:term":[{"taxonomy":"category","embeddable":true,"href":"https:\/\/colimdo.org\/wp-api\/wp\/v2\/categories?post=49412"},{"taxonomy":"post_tag","embeddable":true,"href":"https:\/\/colimdo.org\/wp-api\/wp\/v2\/tags?post=49412"}],"curies":[{"name":"wp","href":"https:\/\/api.w.org\/{rel}","templated":true}]}}