{"id":49435,"date":"2019-02-28T22:35:23","date_gmt":"2019-02-28T22:35:23","guid":{"rendered":"https:\/\/colimdo.org\/?p=49435"},"modified":"2019-02-28T22:35:23","modified_gmt":"2019-02-28T22:35:23","slug":"pie-moises-katherine-encabezaran-grupo-rd-competira-clasificatorio-taekwondo","status":"publish","type":"post","link":"https:\/\/colimdo.org\/noticias\/pie-moises-katherine-encabezaran-grupo-rd-competira-clasificatorio-taekwondo\/","title":{"rendered":"Pie, Mois\u00e9s y Katherine encabezar\u00e1n grupo RD competir\u00e1 en Clasificatorio Taekwondo"},"content":{"rendered":"<p>Santo Domingo. Mois\u00e9s Hern\u00e1ndez, Bernardo Pie y Katherine Rodr\u00edguez encabezar\u00e1n el grupo de 15 atletas que representar\u00e1n\u00a0a la Rep\u00fablica Dominicana en el Clasificatorio de Taekwondo en ruta a los Juegos Panamericanos de Lima, a celebrarse entre los d\u00edas 7 y 10 de este mes en el Palacio de Voleibol del Centro Ol\u00edmpico Juan Pablo Duarte.<\/p>\n<p>Los atletas criollos, distribuidos en las modalidades de combate, poomsae y parapanamericano, fueron presentados en el marco de una rueda de prensa celebrada este jueves en el sal\u00f3n James\u00a0Rodr\u00edguez del Ministerio de Deportes y que encabezaron el ministro de Deportes, Danilo D\u00edaz, quien preside el Comit\u00e9 Organizador; Luisin Mej\u00eda, presidente del Comit\u00e9 Ol\u00edmpico Dominicano y Francisco Camacho, presidente de la Federaci\u00f3n Dominicana de Taekwondo.<\/p>\n<p>En la modalidad de combate masculino, la repesentaci\u00f3n criolla ser\u00e1 ostentada por Edward Espinosa (-54 kilogramos), Bernardo Pie (-68), Mois\u00e9s Hern\u00e1ndez (-80) y Fraily Mora ((+80), mientras\u00a0que el plantel femenino lo integran Franny Pe\u00f1a (-49), G\u00e9nesis And\u00fajar (-54), Madelin Rodr\u00edguez (-67) y Katherine Rodr\u00edguez (+67).<\/p>\n<p>\u201cTodos esos competidores figuran entre los mejores tanto del ranking mundial como del ol\u00edmpico, lo que significa que nuestro pa\u00eds estar\u00e1 bien representado\u201d, expuso Miguel Camacho, entrenador\u00a0de la selecci\u00f3n nacional.<\/p>\n<p>Explic\u00f3 que Luisito Pie, el medallista de bronce en los Juegos Ol\u00edmpicos de R\u00edo de Janeiro 2016, no hizo el equipo, pero que ello no lo descarta para representar al pa\u00eds en los Juegos\u00a0Panamericanos de Lima.<\/p>\n<p>En la modalidad de poomsae, que estar\u00e1 haciendo su debut en los Juegos Panamericanos de Lima, lo conforman los atletas Omarlyn Ru\u00edz, Junior Trinidad, Sebasti\u00e1n Mer\u00e1n y Ana Patricia Pe\u00f1a.<\/p>\n<p>El equipo dominicano tambi\u00e9n tendr\u00e1 presencia en la modalidad de para-taekwondo, con los atletas paral\u00edmpicos Gerardo Castro Encarnaci\u00f3n y Elizabeth Geraldo Figuerea.<\/p>\n<p>Por su parte, el ministro Danilo D\u00edaz afirm\u00f3 que el clasificatorio representa un gran reto para el pa\u00eds y los atletas dominicanos que estar\u00e1n buscando sus plazas para los Panamericanos\u00a0de Lima.<\/p>\n<p><b>\u201c<\/b>Este evento nos convierte en la capital mundial del taekwondo. Este clasificatorio forma parte del deporte como marca pa\u00eds y es un reconocimiento a un deporte como el taekwondo,\u00a0que nos dio la medalla de la dignidad en los pasados Juegos Ol\u00edmpicos\u201d, expuso Danilo D\u00edaz sobre el certamen que reunir\u00e1 a atletas de 42 pa\u00edses y otorgar\u00e1 188 boletos al principal evento deportivo del continente.<\/p>\n<p>Sobre el nivel mundial que poseen los atletas dominicanos que estar\u00e1n participando en este certamen, D\u00edaz manifest\u00f3 que \u201ceso es una muestra de que el pa\u00eds est\u00e1 avanzando en el deporte\u00a0y que se est\u00e1 haciendo el trabajo que debe realizarse\u201d.<\/p>\n<p>De su lado, Luisin Mej\u00eda, presidente del COD y miembro del Comit\u00e9 Ol\u00edmpico Internacional (COI), resalt\u00f3 el historial de \u00e9xitos del taekwondo de la Rep\u00fablica Dominicana.<\/p>\n<p>\u201cNuestros atletas son de clase mundial y es una oportunidad que tenemos los dominicanos de verle competir en su propio pa\u00eds\u201d, a\u00f1adi\u00f3 Mej\u00eda, quien resalt\u00f3 que ese grupo de competidores\u00a0siempre saca la cara por la Rep\u00fablica Dominicana.<\/p>\n<p>En el encuentro con la prensa tambi\u00e9n asistieron Antonio Acosta, vicepresidente del Comit\u00e9 Ol\u00edmpico Dominicano; Tony Mesa y los medallistas ol\u00edmpicos de taekwondo Gabriel Mercedes y Luis\u00a0Pie.<\/p>\n<p>Abierto G1<\/p>\n<p>Francisco Camacho, presidente de la Federaci\u00f3n Dominicana de Taekwondo, anunci\u00f3 que m\u00e1s de 800 atletas se han inscrito para el clasificatorio y el Abierto G1, \u00e9ste \u00faltimo puntuable para\u00a0el ranking mundial.<\/p>\n<p>\u201cAmbos eventos se estar\u00e1n celebrando durante los d\u00edas del 7 al 10 de este mes de marzo\u201d, a\u00f1adi\u00f3 Camacho, quien resalt\u00f3 que para el Abierto se han inscrito atletas de Africa.<\/p>\n","protected":false},"excerpt":{"rendered":"<p>Danilo, Luisin y Camacho resaltan importancia del evento.<\/p>\n","protected":false},"author":16,"featured_media":49436,"comment_status":"closed","ping_status":"closed","sticky":false,"template":"","format":"standard","meta":[],"categories":[2,60],"tags":[],"acf":[],"_links":{"self":[{"href":"https:\/\/colimdo.org\/wp-api\/wp\/v2\/posts\/49435"}],"collection":[{"href":"https:\/\/colimdo.org\/wp-api\/wp\/v2\/posts"}],"about":[{"href":"https:\/\/colimdo.org\/wp-api\/wp\/v2\/types\/post"}],"author":[{"embeddable":true,"href":"https:\/\/colimdo.org\/wp-api\/wp\/v2\/users\/16"}],"replies":[{"embeddable":true,"href":"https:\/\/colimdo.org\/wp-api\/wp\/v2\/comments?post=49435"}],"version-history":[{"count":1,"href":"https:\/\/colimdo.org\/wp-api\/wp\/v2\/posts\/49435\/revisions"}],"predecessor-version":[{"id":49437,"href":"https:\/\/colimdo.org\/wp-api\/wp\/v2\/posts\/49435\/revisions\/49437"}],"wp:featuredmedia":[{"embeddable":true,"href":"https:\/\/colimdo.org\/wp-api\/wp\/v2\/media\/49436"}],"wp:attachment":[{"href":"https:\/\/colimdo.org\/wp-api\/wp\/v2\/media?parent=49435"}],"wp:term":[{"taxonomy":"category","embeddable":true,"href":"https:\/\/colimdo.org\/wp-api\/wp\/v2\/categories?post=49435"},{"taxonomy":"post_tag","embeddable":true,"href":"https:\/\/colimdo.org\/wp-api\/wp\/v2\/tags?post=49435"}],"curies":[{"name":"wp","href":"https:\/\/api.w.org\/{rel}","templated":true}]}}