{"id":49468,"date":"2019-03-01T16:07:51","date_gmt":"2019-03-01T16:07:51","guid":{"rendered":"https:\/\/colimdo.org\/?p=49468"},"modified":"2019-03-01T16:11:40","modified_gmt":"2019-03-01T16:11:40","slug":"federacion-dominicana-automovilismo-convoca-elecciones-ordinarias","status":"publish","type":"post","link":"https:\/\/colimdo.org\/noticias\/federacion-dominicana-automovilismo-convoca-elecciones-ordinarias\/","title":{"rendered":"Federaci\u00f3n Dominicana de Automovilismo convoca a elecciones ordinarias"},"content":{"rendered":"<p class=\"x_MsoNormal\">Santo Domingo. La Federaci\u00f3n Dominicana de Automovilismo convoca a todos sus miembros para escoger la nueva directiva de esa entidad, el pr\u00f3ximo viernes 15 de marzo.<\/p>\n<p class=\"x_MsoNormal\">La misma ser\u00e1 celebrada en los salones del Restaurant del Club Para\u00edso, a partir de las ocho de la noche.<\/p>\n<p class=\"x_MsoNormal\">El orden de los temas en la asamblea, ser\u00e1 tratar el informe del periodo que concluye la actual directiva.<\/p>\n<p class=\"x_MsoNormal\">Estado de los ingresos y egresos. Otorgar o no el descargo correspondiente a los miembros de la directiva saliente.<\/p>\n<p class=\"x_MsoNormal\">Elecci\u00f3n de los miembros de la nueva directiva y temas libre.<\/p>\n<p class=\"x_MsoNormal\">La convocatoria la firma Jos\u00e9 Liz, quien es el actual presidente de la Federaci\u00f3n Dominicana de Automovilismo.<\/p>\n","protected":false},"excerpt":{"rendered":"<p>Las elecciones ser\u00e1n celebradas en los salones del Restaurant del Club Para\u00edso, a partir de las ocho de la noche del pr\u00f3ximo 15 de marzo.<\/p>\n","protected":false},"author":16,"featured_media":49472,"comment_status":"closed","ping_status":"closed","sticky":false,"template":"","format":"standard","meta":[],"categories":[2,60],"tags":[],"acf":[],"_links":{"self":[{"href":"https:\/\/colimdo.org\/wp-api\/wp\/v2\/posts\/49468"}],"collection":[{"href":"https:\/\/colimdo.org\/wp-api\/wp\/v2\/posts"}],"about":[{"href":"https:\/\/colimdo.org\/wp-api\/wp\/v2\/types\/post"}],"author":[{"embeddable":true,"href":"https:\/\/colimdo.org\/wp-api\/wp\/v2\/users\/16"}],"replies":[{"embeddable":true,"href":"https:\/\/colimdo.org\/wp-api\/wp\/v2\/comments?post=49468"}],"version-history":[{"count":3,"href":"https:\/\/colimdo.org\/wp-api\/wp\/v2\/posts\/49468\/revisions"}],"predecessor-version":[{"id":49473,"href":"https:\/\/colimdo.org\/wp-api\/wp\/v2\/posts\/49468\/revisions\/49473"}],"wp:featuredmedia":[{"embeddable":true,"href":"https:\/\/colimdo.org\/wp-api\/wp\/v2\/media\/49472"}],"wp:attachment":[{"href":"https:\/\/colimdo.org\/wp-api\/wp\/v2\/media?parent=49468"}],"wp:term":[{"taxonomy":"category","embeddable":true,"href":"https:\/\/colimdo.org\/wp-api\/wp\/v2\/categories?post=49468"},{"taxonomy":"post_tag","embeddable":true,"href":"https:\/\/colimdo.org\/wp-api\/wp\/v2\/tags?post=49468"}],"curies":[{"name":"wp","href":"https:\/\/api.w.org\/{rel}","templated":true}]}}