{"id":49477,"date":"2019-03-01T18:52:45","date_gmt":"2019-03-01T18:52:45","guid":{"rendered":"https:\/\/colimdo.org\/?p=49477"},"modified":"2019-03-01T18:52:45","modified_gmt":"2019-03-01T18:52:45","slug":"miguel-sano-aun-no-esta-listo-actividades-beisbol","status":"publish","type":"post","link":"https:\/\/colimdo.org\/noticias\/miguel-sano-aun-no-esta-listo-actividades-beisbol\/","title":{"rendered":"Miguel San\u00f3 a\u00fan no est\u00e1 listo para actividades de b\u00e9isbol"},"content":{"rendered":"<p>PORT CHARLOTTE, Florida (MLB) &#8212; El antesalista Miguel \u00c1ngel San\u00f3 no podr\u00e1 reanudar las actividades de b\u00e9isbol esta semana como esperaban los Mellizos. El dominicano fue evaluado el mi\u00e9rcoles y el equipo determin\u00f3 que la cortada que sufri\u00f3 San\u00f3 en el tal\u00f3n del pie derecho no ha sanado lo suficiente como para que el tercera base deje de usar la bota protectora.<\/p>\n<p>San\u00f3 ser\u00e1 evaluado nuevamente la pr\u00f3xima semana.<\/p>\n<p>\u201cDir\u00eda que es un poco frustrante\u201d, expres\u00f3 San\u00f3. \u201cPorque trabaj\u00e9 duro durante el invierno para llegar en forma a los entrenamientos y estar listo y ahora sucede esto. Pero es un tropez\u00f3n y la pr\u00f3xima semana volveremos a la acci\u00f3n\u201d.<\/p>\n<p>Si San\u00f3 reanuda las actividades de b\u00e9isbol la pr\u00f3xima semana y vuelve al terreno de juego unos d\u00edas despu\u00e9s, tendr\u00eda tres semanas &#8212; o menos &#8212; para entrar en ritmo en la caja de bateo. El manager Rocco Baldelli no sabe cu\u00e1nta preparaci\u00f3n tendr\u00e1 San\u00f3 para el D\u00eda Inaugural.<\/p>\n<p>\u201cAhora mismo, no puedo decir cu\u00e1ntos turnos al bate tendr\u00e1 Miguel\u201d, dijo Baldelli el jueves.<\/p>\n<p>San\u00f3 y el preparador f\u00edsico de los Mellizos, Tony Leo, dijeron que la herida, que requiri\u00f3 de 12 puntos, ha sanado en un 80 por ciento. Debido al \u00e1rea en la que se encuentra, el equipo quiere que San\u00f3 est\u00e9 completamente recuperado antes de que batee, corra y juegue defensa.<\/p>\n<p>San\u00f3 se lesion\u00f3 durante un desfile celebrando su campeonato del b\u00e9isbol dominicano con las Estrellas Orientales. Un compa\u00f1ero de equipo se resbal\u00f3 en la tarima y choc\u00f3 con San\u00f3, quien se golpe\u00f3 contra unos escalones de metal.<\/p>\n","protected":false},"excerpt":{"rendered":"<p>El dominicano fue evaluado el mi\u00e9rcoles y el equipo determin\u00f3 que la cortada que sufri\u00f3 San\u00f3 en el tal\u00f3n del pie derecho no ha sanado lo suficiente como para que el tercera base deje de usar la bota protectora.<\/p>\n","protected":false},"author":16,"featured_media":49478,"comment_status":"closed","ping_status":"closed","sticky":false,"template":"","format":"standard","meta":[],"categories":[2,60],"tags":[],"acf":[],"_links":{"self":[{"href":"https:\/\/colimdo.org\/wp-api\/wp\/v2\/posts\/49477"}],"collection":[{"href":"https:\/\/colimdo.org\/wp-api\/wp\/v2\/posts"}],"about":[{"href":"https:\/\/colimdo.org\/wp-api\/wp\/v2\/types\/post"}],"author":[{"embeddable":true,"href":"https:\/\/colimdo.org\/wp-api\/wp\/v2\/users\/16"}],"replies":[{"embeddable":true,"href":"https:\/\/colimdo.org\/wp-api\/wp\/v2\/comments?post=49477"}],"version-history":[{"count":1,"href":"https:\/\/colimdo.org\/wp-api\/wp\/v2\/posts\/49477\/revisions"}],"predecessor-version":[{"id":49479,"href":"https:\/\/colimdo.org\/wp-api\/wp\/v2\/posts\/49477\/revisions\/49479"}],"wp:featuredmedia":[{"embeddable":true,"href":"https:\/\/colimdo.org\/wp-api\/wp\/v2\/media\/49478"}],"wp:attachment":[{"href":"https:\/\/colimdo.org\/wp-api\/wp\/v2\/media?parent=49477"}],"wp:term":[{"taxonomy":"category","embeddable":true,"href":"https:\/\/colimdo.org\/wp-api\/wp\/v2\/categories?post=49477"},{"taxonomy":"post_tag","embeddable":true,"href":"https:\/\/colimdo.org\/wp-api\/wp\/v2\/tags?post=49477"}],"curies":[{"name":"wp","href":"https:\/\/api.w.org\/{rel}","templated":true}]}}