{"id":49491,"date":"2019-03-01T22:26:04","date_gmt":"2019-03-01T22:26:04","guid":{"rendered":"https:\/\/colimdo.org\/?p=49491"},"modified":"2019-03-01T22:26:04","modified_gmt":"2019-03-01T22:26:04","slug":"cristopher-jurado-conquista-la-quinta-etapa-vuelta-ciclista","status":"publish","type":"post","link":"https:\/\/colimdo.org\/noticias\/cristopher-jurado-conquista-la-quinta-etapa-vuelta-ciclista\/","title":{"rendered":"Cristopher Jurado conquista la quinta etapa de Vuelta Ciclista"},"content":{"rendered":"<p>Santo Domingo. Cristopher Jurado se llev\u00f3 este viernes los principales lauros en la celebraci\u00f3n de la quinta etapa de la edici\u00f3n 40 de la Vuelta Ciclista Independencia, certamen que comprendi\u00f3 el recorrido Monte Plata- Nagua- San Francisco de Castillo, cubriendo una distancia de 156 kil\u00f3metros.<\/p>\n<p>Jurado, representante de la selecci\u00f3n de Centroam\u00e9rica despleg\u00f3 gran fortaleza en los kil\u00f3metros finales para llevarse la etapa, que en esta ocasi\u00f3n si cont\u00f3 con un amplio dispositivo de seguridad con los principales comandantes de esas demarcaciones integrados a la caravana de los pedalistas.<\/p>\n<p>El ganador, junto a los competidores dominicanos Norlandys Taveras, Adrian N\u00fa\u00f1ez y Geovanny Garc\u00eda, Jonathan Rodr\u00edguez se enfrascaron escapados en una tenaz batalla en los finales 10 kil\u00f3metros en el recorrido, acaecido en gran parte de la carrera bajo una incesante lluvias.<\/p>\n<p>Al final, el competidor de Centroam\u00e9rica se convirti\u00f3 en el gran ganador, tras registrar tiempo de tres horas: 22 minutos y 19 segundos, ocupando los quisqueyanos Garc\u00eda, de Eda Evoluci\u00f3n y N\u00fa\u00f1ez, de Inteja Imca Ridea los puestos segundos y tercero. Steven Cuesta, de la selecci\u00f3n de Bolivia fue cuarto; Deivy Capell\u00e1n, de ECC Santiago fue quinto, Jonathan Ogando, de Arco\u00edris concluy\u00f3 en sexto y Steven Bakker, de Global Cycling Holland finaliz\u00f3 en s\u00e9ptimo.<\/p>\n<p>Asimismo, y tras finalizar la quinta etapa Robinson Chalapud, del team Medell\u00edn se mantiene en la primera posici\u00f3n al registrar 9 horas: 42 minutos y 00 segundos con una ventaja de 42 segundos sobre su compa\u00f1ero de equipo Oscar Sevilla.<\/p>\n<p>Este s\u00e1bado se efectuar\u00e1 la etapa \u201creina\u201d de la ruta, la de monta\u00f1a, la cual puede definir, quien ser\u00eda el virtual ganador de la versi\u00f3n 40 de la Vuelta Ciclista.<\/p>\n<p>La edici\u00f3n 40 del evento tiene una dedicatoria al periodista H\u00e9ctor J. Cruz, Editor Deportivo del List\u00edn Diario y el evento puede ser seguido por Colimdo TV, canal 88 de Claro en la Voz de Eliseo de Pablos.<\/p>\n<p>Blas D\u00edaz agradece<\/p>\n<p>Jorge Blas D\u00edaz, presidente de la Federaci\u00f3n Dominicana de Ciclismo agradeci\u00f3 a la Direcci\u00f3n general de Seguridad de Tr\u00e1nsito, general Ernesto Rafael Rodr\u00edguez por la inclusi\u00f3n de agentes motorizados en la caravana de los pedalistas.<\/p>\n<p>Blas D\u00edaz extern\u00f3 que la presencia del grupo de agentes viabiliz\u00f3 el normal desarrollo de la quinta etapa, la cual fue efectuada sin ning\u00fan tipo de inconvenientes.<\/p>\n<p>\u201cEsperamos que todo contin\u00fae con esa normalidad en las dos etapas que restan para culminar de manera exitosa la edici\u00f3n 40 de nuestro importante giro, incluso la jornada de este s\u00e1bado en Constanza es la que requiere de un mayor dispositivo de seguridad, pues estaremos compitiendo entre las monta\u00f1as en v\u00edas de estrechos carriles\u201d, extern\u00f3<\/p>\n<p>L\u00edderes generales<\/p>\n<p>A Chalapud y Sevilla, ambos del Team Medell\u00edn les siguen Bakker a 43 segundos, Steven Zamora, de Bolivia es cuarto a 46; Roniel Campos, de Venezuela es quinto a 50 segundos. Ismael S\u00e1nchez es el dominicano mejor clasificado y est\u00e1 a 56 segundos, ocupando el sexto puesto y en ruta a participar en la etapa en la que mejores registros alcanza.<\/p>\n<p>Monta\u00f1as y metas volantes.<\/p>\n<p>En la competencia hubo dos premios de monta\u00f1as, el primero fue conquistado por Grant Koontz, ocupando Ram\u00f3n Mer\u00e1n el segundo lugar. El otro premio fue logrado por Zamora y Mer\u00e1n volvi\u00f3 a lograr la segunda posici\u00f3n.<\/p>\n<p>La general de monta\u00f1a es ahora dominada por Mer\u00e1n con 24 puntos, ocupando John Nava el segundo puesto con 12, Chalapud y Zamora suman 10 puntos cada uno.<\/p>\n<p>En tanto, las metas volantes fueron conquistadas, la primera por Michel De la Cruz, ocupando Alberto Ramos el segundo lugar; La segunda fue lograda por Jurado con Norlandys en el segundo puesto y en ese mismo orden transcurri\u00f3 la tercera.<\/p>\n<p>Tras concluir la etapa, ahora Jurado lidera las metas volantes con 12 puntos, Michel de la Cruz, Jorge Luis Mart\u00ednez y Diego Mil\u00e1n est\u00e1n empatados en el segundo lugar con seis cada uno.<\/p>\n<p>General por puntos y por equipos<\/p>\n<p>La general por puntos es dominada por Bakker con 49, seguido de Capell\u00e1n con 48, Jonathan Ogando cuenta con 44 puntos al igual que Steven Cuesta.<\/p>\n<p>Por equipos, el Team Medell\u00edn suma 29 horas; 07 minutos y 42 segundos, el Deprisa Bolivia est\u00e1 a 1:02 minutos, el Global Cycling Holland est\u00e1 a 1:10 minutos. La general sub 23 es dominada por Abner Gonz\u00e1lez, seguido por Stalyn Puentestar y Luis L\u00f3pez es tercero..<\/p>\n<p>La etapa de Hoy<\/p>\n<p>La jornada de este s\u00e1bado ser\u00e1 la sexta y corresponde a la de monta\u00f1a, teniendo el recorrido desde el parque de Moca- Santiago- La Vega-Constanza. La distancia a recorrer ser\u00e1 de 135 kil\u00f3metros.<\/p>\n<p>&nbsp;<\/p>\n","protected":false},"excerpt":{"rendered":"<p>El representante de Centroam\u00e9rica recorri\u00f3 los 156 kil\u00f3metros en tiempo de 3 horas, 22 minutos y 19 segundos; los dominicanos Garc\u00eda y N\u00fa\u00f1ez ocuparon el segundo y tercer puesto.<\/p>\n","protected":false},"author":16,"featured_media":49492,"comment_status":"closed","ping_status":"closed","sticky":false,"template":"","format":"standard","meta":[],"categories":[2,60],"tags":[],"acf":[],"_links":{"self":[{"href":"https:\/\/colimdo.org\/wp-api\/wp\/v2\/posts\/49491"}],"collection":[{"href":"https:\/\/colimdo.org\/wp-api\/wp\/v2\/posts"}],"about":[{"href":"https:\/\/colimdo.org\/wp-api\/wp\/v2\/types\/post"}],"author":[{"embeddable":true,"href":"https:\/\/colimdo.org\/wp-api\/wp\/v2\/users\/16"}],"replies":[{"embeddable":true,"href":"https:\/\/colimdo.org\/wp-api\/wp\/v2\/comments?post=49491"}],"version-history":[{"count":1,"href":"https:\/\/colimdo.org\/wp-api\/wp\/v2\/posts\/49491\/revisions"}],"predecessor-version":[{"id":49493,"href":"https:\/\/colimdo.org\/wp-api\/wp\/v2\/posts\/49491\/revisions\/49493"}],"wp:featuredmedia":[{"embeddable":true,"href":"https:\/\/colimdo.org\/wp-api\/wp\/v2\/media\/49492"}],"wp:attachment":[{"href":"https:\/\/colimdo.org\/wp-api\/wp\/v2\/media?parent=49491"}],"wp:term":[{"taxonomy":"category","embeddable":true,"href":"https:\/\/colimdo.org\/wp-api\/wp\/v2\/categories?post=49491"},{"taxonomy":"post_tag","embeddable":true,"href":"https:\/\/colimdo.org\/wp-api\/wp\/v2\/tags?post=49491"}],"curies":[{"name":"wp","href":"https:\/\/api.w.org\/{rel}","templated":true}]}}