{"id":49501,"date":"2019-03-02T03:58:10","date_gmt":"2019-03-02T03:58:10","guid":{"rendered":"https:\/\/colimdo.org\/?p=49501"},"modified":"2019-03-02T03:58:19","modified_gmt":"2019-03-02T03:58:19","slug":"abuso-sexual-maltrato-desigualdad-futbol-femenino-colombia","status":"publish","type":"post","link":"https:\/\/colimdo.org\/noticias\/abuso-sexual-maltrato-desigualdad-futbol-femenino-colombia\/","title":{"rendered":"Abuso sexual, maltrato, desigualdad en f\u00fatbol femenino de Colombia"},"content":{"rendered":"<p><strong>BBC MUNDO<\/strong>. Fue en una Copa del Mundo, con la atenci\u00f3n de millones de personas, que la selecci\u00f3n de f\u00fatbol de Colombia maravill\u00f3 con una victoria inolvidable que marc\u00f3 un hito en el deporte del bal\u00f3n.<\/p>\n<p>No fue en Brasil 2014, sino que ocurri\u00f3 al a\u00f1o siguiente en Canad\u00e1, cuando con goles de Lady Andrade y Mar\u00eda Catalina Usme venci\u00f3 2-0 a Francia para convertirse en la primera selecci\u00f3n de habla hispana en superar la fase de grupos de una cita mundialista.<\/p>\n<p>En octavos de final cay\u00f3 ante Estados Unidos, a la postre campeona, pero Colombia ya hab\u00eda escrito una p\u00e1gina gloriosa para la historia de su f\u00fatbol.<\/p>\n<p>Im\u00e1genes de celebraciones y alegr\u00eda de<strong>\u00a0una haza\u00f1a que contrasta con el presente del f\u00fatbol femenino<\/strong>\u00a0en ese pa\u00eds, sacudido por denuncias de las propias jugadoras de acoso sexual, maltrato, discriminaci\u00f3n y desigualdad.<\/p>\n<p>El pasado mes de febrero las futbolistas\u00a0<strong>Melissa Ortiz e Isabella Echeverri<\/strong>, dos referentes de la selecci\u00f3n, publicaron una serie de videos en sus cuentas de redes sociales donde dec\u00edan mostrar las precarias condiciones y negligencias que hab\u00edan tenido que vivir en el equipo.<\/p>\n<p>Sus palabras sirvieron de mecha para la bomba que termin\u00f3 explotando d\u00edas despu\u00e9s, cuando fueron revelados supuestos casos de abuso sexual y maltrato en diferentes categor\u00edas de la selecci\u00f3n nacional, incluyendo de menores de edad.<\/p>\n<p><strong>En el ojo del hurac\u00e1n<\/strong><\/p>\n<p>La Federaci\u00f3n Colombiana de F\u00fatbol, FCF, emiti\u00f3 un comunicado oficial el mi\u00e9rcoles tras haber recibido fuertes cr\u00edticas en su contra, en particular por el silencio que mantuvo durante d\u00edas tras conocerse las denuncias y las pol\u00e9micas declaraciones de uno de sus principales dirigentes.<\/p>\n<p>Esta actuaci\u00f3n puso al organismo en el ojo del hurac\u00e1n como comenta el corresponsal de BBC Mundo en Bogot\u00e1, Boris Miranda.<\/p>\n<p>&#8220;Desde que un reportaje period\u00edstico realizado por\u00a0La Liga Contra el Silencio\u00a0diera a conocer denuncias de acoso laboral y sexual en una de las divisiones juveniles de la selecci\u00f3n colombiana femenina, el caso ha ganado cada d\u00eda m\u00e1s notoriedad&#8221;, se\u00f1ala Miranda.<\/p>\n<p>El periodista indica que las nuevas informaciones que se han ido presentando en la \u00faltima semana ya motivaron a que el Defensor del Pueblo decida intervenir y pedirle explicaciones a la FCF.<\/p>\n<p>D\u00edas antes, la vicepresidencia del pa\u00eds tambi\u00e9n pidi\u00f3 al ente federativo &#8220;celeridad&#8221; y acciones pertinentes sobre los reclamos y denuncias hechos por las jugadoras del seleccionado.<\/p>\n<p>Miranda a\u00f1ade que esta clase de acusaciones han puesto\u00a0en entredicho la transparencia con la que se manejan los equipos nacionales de Colombia\u00a0y la necesaria igualdad de oportunidades que todos los jugadores deber\u00edan tener a la hora de competir por un cupo en su selecci\u00f3n.<\/p>\n<p><strong>Las denuncias<\/strong><\/p>\n<p>En la encrucijada que se encuentra el f\u00fatbol femenino en Colombia surgen dos turbulentos caminos tras las revelaciones conocidas en las \u00faltimas semanas.<\/p>\n<p>Seg\u00fan dio a conocer el art\u00edculo de La Liga Contra el Silencio, &#8220;dos integrantes de la selecci\u00f3n Colombia sub-17, una de ellas menor de edad, presentaron denuncias ante la Fiscal\u00eda General de la Naci\u00f3n por acoso sexual y laboral durante las concentraciones previas al Mundial de Uruguay, celebrado en noviembre de 2018&#8221;.<\/p>\n<p>Una fue la fisioterapeuta Carolina Rozo, la otra la jugadora Angie Lizeth Cano.<\/p>\n<p>En las acusaciones quedaron se\u00f1alados el entrenador, Didier Luna, y el preparador f\u00edsico Sigifredo Alonso.<\/p>\n<p>&#8220;Un d\u00eda antes de acabar la concentraci\u00f3n<strong>\u00a0<\/strong>me dec\u00eda comentarios como que estaba muy linda, est\u00e1s preciosa<strong>\u00a0<\/strong>y uno sabe con qu\u00e9 intenci\u00f3n&#8221;, record\u00f3 Rozo sobre los que le dec\u00eda Luna en declaraciones a la radio colombiana W.<\/p>\n<p>&#8220;Se acerc\u00f3 en el almuerzo y me dijo: &#8216;Esta es la mujer que yo quiero para m\u00ed, no te descuides porque te voy a robar un beso'&#8221;.<\/p>\n<p>&#8220;Despu\u00e9s vino a mi cuarto y me dijo, &#8216;yo te estoy hablando en serio, quiero que seas mi amiga especial&#8217;.\u00a0Me apunt\u00f3 con su dedo al escudo de la federaci\u00f3n y me dijo que podr\u00eda darme lo que yo quisiera.\u00a0Tras yo negarme comenz\u00f3 a sabotearme mi trabajo, a gritarme, a sobrecargarme de trabajo&#8221;, confes\u00f3.<\/p>\n<p>La situaci\u00f3n de la jugadora fue dada a conocer por su padre, John Cano, quien explic\u00f3 que cuando su hija estaba en el sudamericano le dec\u00eda que no pod\u00eda hablar &#8220;porque la vigilaban&#8221;.<\/p>\n<p>&#8220;Cuando regres\u00f3, me cont\u00f3 que el preparador f\u00edsico, Sigifredo Alonso, intent\u00f3 entrar a su habitaci\u00f3n y abusar sexualmente de ella&#8221;, dijo a la misma estaci\u00f3n radial.<\/p>\n<p>Sus denuncias fueron ratificadas por Rozo, quien coment\u00f3 que a la jugadora la pusieron en una habitaci\u00f3n contigua a la de Alonso que se pod\u00edan comunicar por una puerta.<\/p>\n<p>&#8220;Menos mal que estaba con una compa\u00f1era. Ella me dec\u00eda que Cano lloraba mucho y ten\u00eda mucho miedo.\u00a0Decidimos ponerle una silla para trancar la puerta&#8221;.<\/p>\n<p>Adem\u00e1s de estos dos casos vinculados con la selecci\u00f3n, tambi\u00e9n han surgido los testimonios de otras jugadoras como el de una adolescente de 14 a\u00f1os que cont\u00f3 como fue abusada por un entrenador de f\u00fatbol que ahora cumple condena en prisi\u00f3n.<\/p>\n<p><strong>Maltratos, desigualdad<\/strong><\/p>\n<p>Antes de que surgieran las acusaciones de abuso sexual, Ortiz y Echeverri lanzaron una\u00a0campa\u00f1a en defensa de los derechos de las futbolistas\u00a0revelando pormenores de lo que ellas dicen les toc\u00f3 vivir en la selecci\u00f3n.<\/p>\n<p>&#8220;Nos sentimos amenazadas, no nos pagan, ya no nos dan vuelos internacionales, los uniformes son viejos, la federaci\u00f3n ha cortado jugadoras por hablar, un empleado trat\u00f3 de venderme mi propia camiseta&#8221;, contaron.<\/p>\n<p>&#8220;No tenemos miedo, estamos aqu\u00ed para hablar&#8221;, concluyeron su mensaje promoviendo la etiqueta #MenosMiedoM\u00e1sF\u00fatbol.<\/p>\n<p>Las palabras de las dos jugadoras<strong>\u00a0<\/strong>han contado con el respaldo de otras jugadoras<strong>\u00a0<\/strong>que tambi\u00e9n han formado parte de la selecci\u00f3n y de futbolistas de otros pa\u00edses, tanto de mujeres como de hombres.<\/p>\n<p>Incluso el sindicato de jugadores FIFpro se hizo eco de la denuncia y la Defensor\u00eda del Pueblo de Colombia remiti\u00f3 una carta a la Comisi\u00f3n de \u00c9tica Independiente de la FIFA manifestando &#8220;su preocupaci\u00f3n en relaci\u00f3n con los presuntos casos de abuso sexual y aparente discriminaci\u00f3n en contra de algunas mujeres integrantes de las selecciones nacionales&#8221;.<\/p>\n<p><strong>Las defensas<\/strong><\/p>\n<p>Uno de los principales implicados en las acusaciones, el entrenador Didier Luna, emiti\u00f3 un comunicado este jueves rechazando &#8220;contundentemente las declaraciones de la se\u00f1ora Carolina Rozo&#8221;.<\/p>\n<p>Luna asegura que &#8220;manifiesta unos hechos que no corresponden a la realidad y que por el contrario son atropellos e injurias a mi vida profesional, familiar y personal&#8221;.<\/p>\n<p>El exseleccionador resalta sus 40 a\u00f1os vinculados con el f\u00fatbol y que el caso est\u00e1 en manos de sus abogados para que &#8220;la verdad salga a la luz y la misma reivindique mi buen nombre y el de mi familia ante la opini\u00f3n p\u00fablica y la sociedad en general&#8221;.<\/p>\n<p>En el texto concluye agradeciendo los mensajes de apoyo que ha recibido por futbolistas y deportistas bajo la etiqueta #PorTuBuenNombreDidierLuna.<\/p>\n<p>La federaci\u00f3n, por su parte, en el comunicado emitido el mi\u00e9rcoles, solicita a la Fiscal\u00eda General de la Naci\u00f3n esclarecer cuanto antes los hechos denunciados y reitera su rechazo tajante al acoso sexual y laboral.<\/p>\n<p>&#8220;Manifestamos cero tolerancia\u00a0frente a los actos que de cualquier forma atenten contra la integridad de cualquier miembro de nuestras Selecciones Colombia&#8221;.<\/p>\n<p>El organismo agrega que si bien no han recibido denuncias o quejar formales en cuanto a lo manifestado por Ortiz y Echeverri, adelantar\u00e1 los tr\u00e1mites que correspondan en la Comisi\u00f3n Disciplinaria que resulte competente.<\/p>\n<p>Sin embargo, el texto no hace referencia a las declaraciones que ha realizado en diferentes ocasiones su vicepresidente, \u00c1lvaro Gonz\u00e1lez Alzate, quien lleg\u00f3 a calificar las denuncias como &#8220;un af\u00e1n desmedido de figuraci\u00f3n y protagonismo inmerecido&#8221;.<\/p>\n<p>El dirigente tambi\u00e9n se refiri\u00f3 a que el f\u00fatbol femenino en su pa\u00eds dista de ser respetable y fue cuestionado por la Defensor\u00eda del Pueblo en su misiva a la FIFA por unas declaraciones en referencia a lo que manifestaron Ortiz y Echeverri<\/p>\n<p>&#8220;Queremos pasar la p\u00e1gina con las mayores de 25 a\u00f1os y pienso que, puede que est\u00e9 equivocado, por esos sus retaliaciones&#8221;, fue la opini\u00f3n de Gonz\u00e1lez Alzate.<\/p>\n","protected":false},"excerpt":{"rendered":"<p>La Federaci\u00f3n Colombiana de F\u00fatbol, FCF, emiti\u00f3 un comunicado oficial tras haber recibido fuertes cr\u00edticas en su contra, en particular por el silencio.<\/p>\n","protected":false},"author":13,"featured_media":49502,"comment_status":"closed","ping_status":"closed","sticky":false,"template":"","format":"standard","meta":[],"categories":[2],"tags":[],"acf":[],"_links":{"self":[{"href":"https:\/\/colimdo.org\/wp-api\/wp\/v2\/posts\/49501"}],"collection":[{"href":"https:\/\/colimdo.org\/wp-api\/wp\/v2\/posts"}],"about":[{"href":"https:\/\/colimdo.org\/wp-api\/wp\/v2\/types\/post"}],"author":[{"embeddable":true,"href":"https:\/\/colimdo.org\/wp-api\/wp\/v2\/users\/13"}],"replies":[{"embeddable":true,"href":"https:\/\/colimdo.org\/wp-api\/wp\/v2\/comments?post=49501"}],"version-history":[{"count":1,"href":"https:\/\/colimdo.org\/wp-api\/wp\/v2\/posts\/49501\/revisions"}],"predecessor-version":[{"id":49503,"href":"https:\/\/colimdo.org\/wp-api\/wp\/v2\/posts\/49501\/revisions\/49503"}],"wp:featuredmedia":[{"embeddable":true,"href":"https:\/\/colimdo.org\/wp-api\/wp\/v2\/media\/49502"}],"wp:attachment":[{"href":"https:\/\/colimdo.org\/wp-api\/wp\/v2\/media?parent=49501"}],"wp:term":[{"taxonomy":"category","embeddable":true,"href":"https:\/\/colimdo.org\/wp-api\/wp\/v2\/categories?post=49501"},{"taxonomy":"post_tag","embeddable":true,"href":"https:\/\/colimdo.org\/wp-api\/wp\/v2\/tags?post=49501"}],"curies":[{"name":"wp","href":"https:\/\/api.w.org\/{rel}","templated":true}]}}