{"id":49509,"date":"2019-03-02T16:19:30","date_gmt":"2019-03-02T16:19:30","guid":{"rendered":"https:\/\/colimdo.org\/?p=49509"},"modified":"2019-03-02T16:19:45","modified_gmt":"2019-03-02T16:19:45","slug":"delegacion-ira-juegos-mundiales-verano-olimpiadas-especiales","status":"publish","type":"post","link":"https:\/\/colimdo.org\/noticias\/delegacion-ira-juegos-mundiales-verano-olimpiadas-especiales\/","title":{"rendered":"Delegaci\u00f3n ir\u00e1 en Juegos Mundiales de Verano de Olimpiadas Especiales"},"content":{"rendered":"<p><strong>SANTO DOMINGO.<\/strong> La Primera Dama de la Rep\u00fablica, C\u00e1ndida Montilla de Medina, encabezar\u00e1 la delegaci\u00f3n de atletas dominicanos que competir\u00e1n del 14 al 21 de este mes en los Juegos Mundiales de Verano de Olimpiadas Especiales en la ciudad de Abu Dhabi, la capital de los Emiratos \u00c1rabes Unidos.<\/p>\n<p>El anuncio lo hizo este viernes el ministro de Deportes Danilo D\u00edaz en un acto de entrega de bandera a la delegaci\u00f3n quisqueyana de Olimpiadas Especiales que se realiz\u00f3 en el sal\u00f3n James Rodr\u00edguez del Ministerio de Deportes.<\/p>\n<p>Junto a D\u00edaz estuvieron Luis\u00edn Mej\u00eda, presidente del Comit\u00e9 Ol\u00edmpico Dominicano (COD); el viceministro de Deportes Soterio Ram\u00edrez; Magino Corpor\u00e1n, director ejecutivo del Consejo Nacional para la Discapacidad (Conadis); Rosario Nicasio, vicepresidenta de la junta directiva de Olimpiadas Especiales RD; y Elba Nicasio, quien ser\u00e1 la jefa de la delegaci\u00f3n.<\/p>\n<p>En el certamen mundial accionar\u00e1n m\u00e1s de 170 pa\u00edses y 7.500 atletas tanto de la rama masculina como de la femenina, y por parte de los dominicanos competir\u00e1n 21 atletas con discapacidad, cuatro compa\u00f1eros unificados, ocho entrenadores, un subjefe de la delegaci\u00f3n y personal m\u00e9dico.<\/p>\n<p>Los j\u00f3venes dominicanos han entrenado fuertemente para mostrar sus capacidades e ir tras las medallas de oro en las disciplinas de atletismo, boliche, aguas abiertas, gimnasia r\u00edtmica, nataci\u00f3n, tenis, triatl\u00f3n y voleibol de playa.<\/p>\n<p>Danilo D\u00edaz hizo entrega de la Bandera Nacional a la delegaci\u00f3n dominicana, la cual fue recibida por los j\u00f3venes atletas Anthony Hidalgo y G\u00e9nesis Graciano, ambos de boliche.<\/p>\n<p>D\u00edaz resalt\u00f3 el apoyo que desde el Ministerio de Deportes se le ha dado a estos atletas especiales para que representen dignamente al pa\u00eds como si fueran los Juegos Ol\u00edmpicos.<\/p>\n<p>\u201cEste es su evento, y el pueblo dominicano espera medallas de parte ustedes en estos Juegos Mundiales de Verano de Olimpiadas Especiales\u201d, exclam\u00f3 el funcionario deportivo.<\/p>\n<p>Destac\u00f3 la asistencia junto a la delegaci\u00f3n, de la Primera Dama de la Rep\u00fablica, C\u00e1ndida Montilla de Medina, de quien expres\u00f3 que \u201cse siente muy comprometida con los atletas especiales que generan tanto impacto social en cada rinc\u00f3n del pa\u00eds, y eso le llena de j\u00fabilo y satisfacci\u00f3n\u201d.<\/p>\n<p>\u201cNosotros estaremos ah\u00ed junto a ustedes atletas en tan importante acontecimiento deportivo, ya que el deporte es un derecho de todos que forma parte de la formaci\u00f3n humana, un derecho constitucional que se demuestra con hechos y no con letra muerta\u201d, se\u00f1al\u00f3 D\u00edaz.<\/p>\n<p>Indic\u00f3 que \u201catletas, sepan que van a Abu Dhabi siendo los protagonistas y representante de cada uno de sus compatriotas, ustedes son la Rep\u00fablica Dominicana durante esos siete d\u00edas de competencias\u201d.<\/p>\n<p>Y agreg\u00f3 que \u201cpongan la Bandera Nacional en alto y traigan las medallas que todos esperamos de ustedes, con esp\u00edritu de compartir pero tambi\u00e9n de competir\u201d.<\/p>\n<p><strong>Medallas del 2015<\/strong><\/p>\n<p>En los Juegos Mundiales de Olimpiadas Especiales del 2015 que se celebraron en la ciudad de Los Angeles, California, en los Estados Unidos, la Rep\u00fablica Dominicana obtuvo tres medallas de oro, tres de plata y tres de bronce en aguas abiertas, atletismo, nataci\u00f3n, softbol y triatl\u00f3n<\/p>\n<p>Entre los atletas que ganaron preseas en 2015 estuvieron Alejandro Batlle (triatl\u00f3n), Juan Cortorreal y Reina Astrid Curiel en aguas abiertas, y Daniel Fortuna en nataci\u00f3n.<\/p>\n<p>As\u00ed como Anthony Hidalgo, quien obtuvo medalla de bronce en boliche en los III Juegos Latinoamericano de Panam\u00e1, en 2017.<\/p>\n","protected":false},"excerpt":{"rendered":"<p>La primera dama de la Rep\u00fablica, C\u00e1ndida Montilla de Medina, acompa\u00f1ar\u00e1 a los atletas especiales que tomar\u00e1n parte en el certamen.<\/p>\n","protected":false},"author":13,"featured_media":49510,"comment_status":"closed","ping_status":"closed","sticky":false,"template":"","format":"standard","meta":[],"categories":[2],"tags":[],"acf":[],"_links":{"self":[{"href":"https:\/\/colimdo.org\/wp-api\/wp\/v2\/posts\/49509"}],"collection":[{"href":"https:\/\/colimdo.org\/wp-api\/wp\/v2\/posts"}],"about":[{"href":"https:\/\/colimdo.org\/wp-api\/wp\/v2\/types\/post"}],"author":[{"embeddable":true,"href":"https:\/\/colimdo.org\/wp-api\/wp\/v2\/users\/13"}],"replies":[{"embeddable":true,"href":"https:\/\/colimdo.org\/wp-api\/wp\/v2\/comments?post=49509"}],"version-history":[{"count":1,"href":"https:\/\/colimdo.org\/wp-api\/wp\/v2\/posts\/49509\/revisions"}],"predecessor-version":[{"id":49511,"href":"https:\/\/colimdo.org\/wp-api\/wp\/v2\/posts\/49509\/revisions\/49511"}],"wp:featuredmedia":[{"embeddable":true,"href":"https:\/\/colimdo.org\/wp-api\/wp\/v2\/media\/49510"}],"wp:attachment":[{"href":"https:\/\/colimdo.org\/wp-api\/wp\/v2\/media?parent=49509"}],"wp:term":[{"taxonomy":"category","embeddable":true,"href":"https:\/\/colimdo.org\/wp-api\/wp\/v2\/categories?post=49509"},{"taxonomy":"post_tag","embeddable":true,"href":"https:\/\/colimdo.org\/wp-api\/wp\/v2\/tags?post=49509"}],"curies":[{"name":"wp","href":"https:\/\/api.w.org\/{rel}","templated":true}]}}