{"id":49524,"date":"2019-03-02T22:28:07","date_gmt":"2019-03-02T22:28:07","guid":{"rendered":"https:\/\/colimdo.org\/?p=49524"},"modified":"2019-03-03T00:31:19","modified_gmt":"2019-03-03T00:31:19","slug":"colombianos-arrasaron-la-etapa-montana-vuelta-ciclista","status":"publish","type":"post","link":"https:\/\/colimdo.org\/sin-categoria\/colombianos-arrasaron-la-etapa-montana-vuelta-ciclista\/","title":{"rendered":"Colombianos arrasaron la etapa de monta\u00f1a Vuelta Ciclista"},"content":{"rendered":"<p>Oscar Sevilla encabez\u00f3 a cuatro miembros del Team Medell\u00edn que este s\u00e1bado arrasaron con la etapa de monta\u00f1a, la sexta en la edici\u00f3n 40 de la Vuelta Ciclista Independencia, certamen que comprendi\u00f3 el recorrido Moca- Santiago- La Vega- Constanza y que cubri\u00f3 una distancia de 136 kil\u00f3metros.<\/p>\n<p>Sevilla, hizo alardes de sus condiciones de escalador natural para apoderarse de la competencia y unido a sus compa\u00f1eros de selecci\u00f3n relegaron al dominicano Ismael S\u00e1nchez, por tradici\u00f3n gran ganador de esta etapa, a un distante octavo lugar.<\/p>\n<p>El ganador, representante del Team Medell\u00edn recorri\u00f3 los 136 kil\u00f3metros de la prueba en tiempo de tres horas, 32 minutos y 17 segundos para superar a sus coterr\u00e1neos Cristhian Montoya y Harold Tejada, ocupantes de los puestos segundo y tercero.<\/p>\n<p>De su lado, Robinson Chalapud se mantuvo como el l\u00edder de la vuelta, tras arribar en el cuarto puesto a un minuto del puntero y desde ya se perfila como el virtual ganador de la edici\u00f3n del evento, cuando resta solo el circuito a celebrarse este domingo en el \u00e1rea monumental de Santiago.<\/p>\n<p>Chalapud, tambi\u00e9n del Team Medell\u00edn domina la clasificaci\u00f3n general con 15 horas: 58 minutos y 46 segundos, dominando en 31 segundos a Sevilla y en 1.00 minutos a Montoya. Ismael se encuentra en el quinto puesto a 6:29 minutos.<\/p>\n<p>Precisamente S\u00e1nchez con su octavo puesto se convirti\u00f3 en el \u00fanico dominicano que se clasific\u00f3 entre los primeros 10 puestos en la etapa de monta\u00f1a.<\/p>\n<p>La etapa de monta\u00f1a casi asegura el triunfo de Chalapud y del Team Medell\u00edn en las clasificaciones individual y por equipos, en tanto que otorga a Montoya el nuevo l\u00edder en los premios de Monta\u00f1a, y Harold Tejada en la general sub 23.<\/p>\n<p>La edici\u00f3n 40 del evento tiene una dedicatoria al periodista H\u00e9ctor J. Cruz, Editor Deportivo del List\u00edn Diario y el cierre del evento puede ser seguido este domingo por Colimdo TV, canal 88 de Claro.<\/p>\n<p>L\u00edderes monta\u00f1as y metas volantes.<\/p>\n<p>En la competencia hubo tres premios de monta\u00f1as, el primero fue conquistado por Montoya, ocupando Sevilla el segundo lugar y Harold Tejada fue tercero. Montoya sali\u00f3 airoso en el segundo y tercer premio de monta\u00f1a, con Sevilla y Tejada siempre en segundo y tercer lugar.<\/p>\n<p>La general de monta\u00f1a es ahora dominada por Montoya con 28 puntos, ocupando Rafael Mer\u00e1n el segundo puesto con 24 y Chalapud es tercero con 20 junto con Sevilla.<\/p>\n<p>En tanto, hubo una meta volante, fue conquistada por Yonder Godoy , Red McClure fue segundo y Carlos Tejeda cerro en tercero.<\/p>\n<p>Tras concluir la etapa, ahora Diego Mil\u00e1n de Inteja Imca Ridea domina con seis puntos, Michel de la Cruz, Jorge Luis Mart\u00ednez cuentan tambi\u00e9n con seis cada uno.<\/p>\n<p>General por puntos y por equipos<\/p>\n<p>La general por puntos est\u00e1 ahora empatada por Sevilla y Bakker con 49, seguido de Capell\u00e1n con 48, Jonathan Ogando cuenta con 44 puntos al igual que Steven Cuesta.<\/p>\n<p>Por equipos, el Team Medell\u00edn suma 47 horas; 58 minutos y 02 segundos, el Deprisa Bolivia est\u00e1 a 22:52 minutos, el Inteja Imca Ridea pas\u00f3 a ocupar el tercer puesto a 29:13 minutos, el Team Saitel es cuarto a 29:31.<\/p>\n<p>La general sub 23 es ahora comandada por Harold Tejada, del Team Medell\u00edn 4:09 minutos, Diego Montalvo es segundo a 7:15 minutos y Abner Gonz\u00e1lez es tercero a 10:56 minutos.<\/p>\n<p>La etapa de Hoy<\/p>\n<p>La jornada de este domingo ser\u00e1 la s\u00e9ptima y \u00faltima del evento y comprender\u00e1 un circuito en el Area Monumental de Santiago, que tendr\u00e1 un recorrido de 135 kil\u00f3metros.<\/p>\n","protected":false},"excerpt":{"rendered":"<p>Oscar Sevilla gan\u00f3 la sexta etapa de la edici\u00f3n 40 de la Vuelta Ciclista Independencia celebrada este s\u00e1bado y que comprendi\u00f3 una distancia de 136 kil\u00f3metros.<\/p>\n","protected":false},"author":13,"featured_media":49525,"comment_status":"closed","ping_status":"closed","sticky":false,"template":"","format":"standard","meta":[],"categories":[2,1],"tags":[],"acf":[],"_links":{"self":[{"href":"https:\/\/colimdo.org\/wp-api\/wp\/v2\/posts\/49524"}],"collection":[{"href":"https:\/\/colimdo.org\/wp-api\/wp\/v2\/posts"}],"about":[{"href":"https:\/\/colimdo.org\/wp-api\/wp\/v2\/types\/post"}],"author":[{"embeddable":true,"href":"https:\/\/colimdo.org\/wp-api\/wp\/v2\/users\/13"}],"replies":[{"embeddable":true,"href":"https:\/\/colimdo.org\/wp-api\/wp\/v2\/comments?post=49524"}],"version-history":[{"count":1,"href":"https:\/\/colimdo.org\/wp-api\/wp\/v2\/posts\/49524\/revisions"}],"predecessor-version":[{"id":49526,"href":"https:\/\/colimdo.org\/wp-api\/wp\/v2\/posts\/49524\/revisions\/49526"}],"wp:featuredmedia":[{"embeddable":true,"href":"https:\/\/colimdo.org\/wp-api\/wp\/v2\/media\/49525"}],"wp:attachment":[{"href":"https:\/\/colimdo.org\/wp-api\/wp\/v2\/media?parent=49524"}],"wp:term":[{"taxonomy":"category","embeddable":true,"href":"https:\/\/colimdo.org\/wp-api\/wp\/v2\/categories?post=49524"},{"taxonomy":"post_tag","embeddable":true,"href":"https:\/\/colimdo.org\/wp-api\/wp\/v2\/tags?post=49524"}],"curies":[{"name":"wp","href":"https:\/\/api.w.org\/{rel}","templated":true}]}}