{"id":49549,"date":"2019-03-03T15:05:39","date_gmt":"2019-03-03T15:05:39","guid":{"rendered":"https:\/\/colimdo.org\/?p=49549"},"modified":"2019-03-03T15:05:47","modified_gmt":"2019-03-03T15:05:47","slug":"espanola-ana-peleteiro-oro-record-espana-triple-salto","status":"publish","type":"post","link":"https:\/\/colimdo.org\/noticias\/espanola-ana-peleteiro-oro-record-espana-triple-salto\/","title":{"rendered":"Espa\u00f1ola Ana Peleteiro, oro y r\u00e9cord de Espa\u00f1a de triple salto"},"content":{"rendered":"<p><strong>Glasgow. (EFE)<\/strong>.- La espa\u00f1ola Ana Peleteiro consigui\u00f3 este domingo en el Emirates Arena de Glasgow el mayor \u00e9xito de su carrera deportiva al proclamarse campeona de Europa de triple salto en pista cubierta con un nuevo r\u00e9cord de Espa\u00f1a, 14,73 metros.<\/p>\n<p>Con 23 a\u00f1os, Peleteiro borra de la lista de plusmarcas nacionales la obtenida el 4 de marzo de 2007 en Birmingham por Carlota Castrejana (14,64), que tambi\u00e9n dio a la riojana la medalla de oro en aquellos Europeos y este lunes iba a cumplir doce a\u00f1os.<\/p>\n<p>Se trata de la mejor marca en triple jam\u00e1s conseguida por una atleta espa\u00f1ola, ya sea en pista cubierta o al aire libre.<\/p>\n<p>Peleteiro, de 23 a\u00f1os, campeona del mundo j\u00fanior con 16 en Barcelona 2012 y medallista de bronce en los \u00faltimos Mundiales bajo techo en 2018, subi\u00f3 al podio acompa\u00f1ada por la griega Paraskevi Papahristou (14,50) y la ucraniana Olha Saladukha (14,47).<\/p>\n<p>La gallega se hab\u00eda metido en la final de triple con la cuarta mejor marca de las ocho finalistas: 14,15 metros. La marca de acceso directo a la final era 14,20 pero s\u00f3lo tres atletas la alcanzaron: la ucraniana Olha Saladukha (14,40), la portuguesa Susana Costa (14,28) y la griega Paraskevi Papahristou (14,28).<\/p>\n<p>Peleteiro siempre dijo que no pensaba en el r\u00e9cord de Espa\u00f1a, pero en Glasgow se vio estimulada por la situaci\u00f3n ins\u00f3lita de ser, por marca reciente (14,51), la favorita en una competici\u00f3n internacional.<\/p>\n<p>Ninguna de las ocho hab\u00eda saltado este a\u00f1o tanto como ella, aunque la ucraniana Olha Saladukha, de 35 a\u00f1os, ya hab\u00eda sido campeona mundial y europea.<\/p>\n<p>Pese a la hora temprana (las 10.00 locales), la final registr\u00f3 un gran nivel desde el principio. Papahristou encareci\u00f3 la victoria en su primer salto, de 14,50 metros, y replic\u00f3 la portuguesa Patricia Mamona con 14,43, mientras la espa\u00f1ola debutaba con dos nulos.<\/p>\n<p>La triplista gallega sufri\u00f3 una peque\u00f1a tendinitis en el pie izquierdo que le impidi\u00f3 acabar el concurso de la reuni\u00f3n de Madrid y participar despu\u00e9s en el campeonato de Espa\u00f1a de Antequera pero lleg\u00f3 a Glasgow recuperada. &#8220;Si hago bien el salto no me molesta, y la cabeza est\u00e1 bien, que es lo importante&#8221;, hab\u00eda dicho.<\/p>\n<p>En efecto, en su tercer salto se puso en cabeza: 14,56 metros, ya el mejor salto de su vida -en sala o al aire libre- y a s\u00f3lo 8 cent\u00edmetros del r\u00e9cord nacional de Castrejana.<\/p>\n<p>Aun ten\u00eda cent\u00edmetros en las piernas. En la cuarta ronda vol\u00f3 hasta esos 14,73 que dinamitaron la final. Ya no mejor\u00f3.<\/p>\n<p>Este a\u00f1o Peleteiro s\u00f3lo hab\u00eda hecho una competici\u00f3n completa (el 2 de febrero en Karlsruhe, cuando venci\u00f3 a la campeona mundial, la venezolana Yulimar Rojas con r\u00e9cord personal, 14,52), y otra a medias en Madrid, pero lo importante -explicaba- son los saltos acumulado en los entrenamientos, &#8220;m\u00e1s que en toda mi vida&#8221;, precis\u00f3.<\/p>\n<p>Bronce en el Mundial en sala pasado y tambi\u00e9n tercera en los Europeos de Berl\u00edn 2018 al aire libre, Peleteiro ya hab\u00eda demostrado su garra competitiva en los \u00faltimos a\u00f1os. En Glasgow tampoco ha fallado.<\/p>\n","protected":false},"excerpt":{"rendered":"<p>La atleta obtuvo un salto de 14,73 este domingo en el Emirates Arena de Glasgow en pista cubierta, el mayor \u00e9xito de la carrera atl\u00e9tica.<\/p>\n","protected":false},"author":13,"featured_media":49550,"comment_status":"closed","ping_status":"closed","sticky":false,"template":"","format":"standard","meta":[],"categories":[2],"tags":[],"acf":[],"_links":{"self":[{"href":"https:\/\/colimdo.org\/wp-api\/wp\/v2\/posts\/49549"}],"collection":[{"href":"https:\/\/colimdo.org\/wp-api\/wp\/v2\/posts"}],"about":[{"href":"https:\/\/colimdo.org\/wp-api\/wp\/v2\/types\/post"}],"author":[{"embeddable":true,"href":"https:\/\/colimdo.org\/wp-api\/wp\/v2\/users\/13"}],"replies":[{"embeddable":true,"href":"https:\/\/colimdo.org\/wp-api\/wp\/v2\/comments?post=49549"}],"version-history":[{"count":1,"href":"https:\/\/colimdo.org\/wp-api\/wp\/v2\/posts\/49549\/revisions"}],"predecessor-version":[{"id":49551,"href":"https:\/\/colimdo.org\/wp-api\/wp\/v2\/posts\/49549\/revisions\/49551"}],"wp:featuredmedia":[{"embeddable":true,"href":"https:\/\/colimdo.org\/wp-api\/wp\/v2\/media\/49550"}],"wp:attachment":[{"href":"https:\/\/colimdo.org\/wp-api\/wp\/v2\/media?parent=49549"}],"wp:term":[{"taxonomy":"category","embeddable":true,"href":"https:\/\/colimdo.org\/wp-api\/wp\/v2\/categories?post=49549"},{"taxonomy":"post_tag","embeddable":true,"href":"https:\/\/colimdo.org\/wp-api\/wp\/v2\/tags?post=49549"}],"curies":[{"name":"wp","href":"https:\/\/api.w.org\/{rel}","templated":true}]}}