{"id":49572,"date":"2019-03-04T00:02:57","date_gmt":"2019-03-04T00:02:57","guid":{"rendered":"https:\/\/colimdo.org\/?p=49572"},"modified":"2019-03-04T00:03:45","modified_gmt":"2019-03-04T00:03:45","slug":"vicepresidenta-colombia-interesa-denuncias-acoso-futbol-femenino","status":"publish","type":"post","link":"https:\/\/colimdo.org\/noticias\/vicepresidenta-colombia-interesa-denuncias-acoso-futbol-femenino\/","title":{"rendered":"Vicepresidenta Colombia interesa denuncias acoso f\u00fatbol femenino"},"content":{"rendered":"<p><strong>Bogot\u00e1, (EFE)<\/strong>. La vicepresidenta de Colombia, Marta Luc\u00eda Ram\u00edrez, convoc\u00f3 para este lunes una reuni\u00f3n con varias instituciones y la Federaci\u00f3n Colombiana de F\u00fatbol (FCF) para analizar las denuncias por acoso sexual formuladas por jugadoras de la selecci\u00f3n sub&#8217;17 en las \u00faltimas semanas.<\/p>\n<p>&#8220;En nuestro Gobierno no vamos a permitir el acoso, ni ning\u00fan tipo de abuso a los ni\u00f1os o ni\u00f1as, no vamos a aceptar ning\u00fan tipo de tolerancia, y vamos a insistir a los clubes deportivos un mayor compromiso con la integridad de nuestros ni\u00f1os y ni\u00f1as que quieren llegar al deporte profesional&#8221;, manifest\u00f3 Ram\u00edrez, citada en un comunicado de su despacho.<\/p>\n<p>A la reuni\u00f3n asistir\u00e1n tambi\u00e9n el presidente de la FCF, Ram\u00f3n Jesur\u00fan; el director de Coldeportes, Ernesto Lucena Barrero; la Consejera para la Equidad de la Mujer, Ana Mar\u00eda Tribin, y la directora del Instituto Colombiano de Bienestar Familiar, Juliana Pungiluppi.<\/p>\n<p>La pol\u00e9mica se gener\u00f3 la semana pasada cuando la alianza de medios La Liga Contra el Silencio se\u00f1al\u00f3 que una de las denunciantes, mayor de edad y que prefiri\u00f3 no revelar su identidad, sostuvo que el acoso por parte de uno de los integrantes del cuerpo t\u00e9cnico de la selecci\u00f3n femenina sub&#8217;17 comenz\u00f3 con comentarios como &#8220;est\u00e1s muy linda, hermosa&#8221;.<\/p>\n<p>Los denunciados son el director t\u00e9cnico de la selecci\u00f3n Colombia sub&#8217;17 femenina, Didier Luna, y el preparador f\u00edsico, Sigifredo Alonso, al igual que el exentrenador de la selecci\u00f3n de mayores Felipe Taborda.<\/p>\n<p>Seg\u00fan la futbolista, al no acceder a las pretensiones de Luna fue &#8220;sobrecargada de trabajo&#8221;, no se le permit\u00eda hablar en las reuniones y era gritada con frecuencia.<\/p>\n<p>Ante esta situaci\u00f3n, el vicepresidente de la Federaci\u00f3n, \u00c1lvaro Gonz\u00e1lez Alzate, afirm\u00f3 que a la entidad no han llegado notificaciones por acoso laboral o sexual.<\/p>\n<p>&#8220;Jam\u00e1s al Comit\u00e9 Ejecutivo de la Federaci\u00f3n Colombiana de F\u00fatbol, oficialmente ha llegado una carta denunciando acoso laboral o acoso sexual por parte de ning\u00fan miembro de los cuerpos t\u00e9cnicos de las selecciones femeninas de Colombia&#8221;, manifest\u00f3 Gonz\u00e1lez en una rueda de prensa.<\/p>\n<p>Adem\u00e1s de convocar la reuni\u00f3n, el pasado 24 de febrero Ram\u00edrez envi\u00f3 una carta a la FCF rechazando &#8220;cualquier actuaci\u00f3n que atente contra la integridad y dignidad de las mujeres deportistas&#8221; y pidi\u00f3 que avancen con &#8220;celeridad las investigaciones&#8221;.<\/p>\n<p>De igual forma, el procurador general, Fernando Carrillo, afirm\u00f3 que abrir\u00e1 una investigaci\u00f3n por las denuncias por corrupci\u00f3n y acoso sexual interpuestas por las jugadoras.<\/p>\n<p>&#8220;No podemos admitir en ning\u00fan escenario, y mucho menos en el deporte, que se presenten este tipo de situaciones que hacen parte de patolog\u00edas culturales de este pa\u00eds machista que ponen en entredicho los derechos de la mujer&#8221;, agreg\u00f3 el procurador.<\/p>\n<p>A los se\u00f1alamientos por acoso sexual se sumaron las futbolistas Isabella Echeverry y Melissa Ortiz, ambas radicadas en los Estados Unidos, quienes denunciaron en sus redes sociales el 19 de febrero varios abusos que han padecido como jugadoras de la selecci\u00f3n.<\/p>\n<p>Entre las irregularidades que Echeverri y Ortiz hicieron p\u00fablicas figuran que en la Federaci\u00f3n intentaron venderles su propia camiseta, no les pagan ni les dan los vuelos internacionales y los uniformes son viejos.<\/p>\n","protected":false},"excerpt":{"rendered":"<p>Marta Luc\u00eda Ram\u00edrez convoc\u00f3 para este lunes una reuni\u00f3n con varias instituciones y la Federaci\u00f3n Colombiana de F\u00fatbol (FCF).<\/p>\n","protected":false},"author":13,"featured_media":49573,"comment_status":"closed","ping_status":"closed","sticky":false,"template":"","format":"standard","meta":[],"categories":[2],"tags":[],"acf":[],"_links":{"self":[{"href":"https:\/\/colimdo.org\/wp-api\/wp\/v2\/posts\/49572"}],"collection":[{"href":"https:\/\/colimdo.org\/wp-api\/wp\/v2\/posts"}],"about":[{"href":"https:\/\/colimdo.org\/wp-api\/wp\/v2\/types\/post"}],"author":[{"embeddable":true,"href":"https:\/\/colimdo.org\/wp-api\/wp\/v2\/users\/13"}],"replies":[{"embeddable":true,"href":"https:\/\/colimdo.org\/wp-api\/wp\/v2\/comments?post=49572"}],"version-history":[{"count":1,"href":"https:\/\/colimdo.org\/wp-api\/wp\/v2\/posts\/49572\/revisions"}],"predecessor-version":[{"id":49574,"href":"https:\/\/colimdo.org\/wp-api\/wp\/v2\/posts\/49572\/revisions\/49574"}],"wp:featuredmedia":[{"embeddable":true,"href":"https:\/\/colimdo.org\/wp-api\/wp\/v2\/media\/49573"}],"wp:attachment":[{"href":"https:\/\/colimdo.org\/wp-api\/wp\/v2\/media?parent=49572"}],"wp:term":[{"taxonomy":"category","embeddable":true,"href":"https:\/\/colimdo.org\/wp-api\/wp\/v2\/categories?post=49572"},{"taxonomy":"post_tag","embeddable":true,"href":"https:\/\/colimdo.org\/wp-api\/wp\/v2\/tags?post=49572"}],"curies":[{"name":"wp","href":"https:\/\/api.w.org\/{rel}","templated":true}]}}