{"id":49585,"date":"2019-03-04T02:23:23","date_gmt":"2019-03-04T02:23:23","guid":{"rendered":"https:\/\/colimdo.org\/?p=49585"},"modified":"2019-03-04T02:23:38","modified_gmt":"2019-03-04T02:23:38","slug":"chalapud-campeon-la-edicion-40-vuelta-ciclista-independencia","status":"publish","type":"post","link":"https:\/\/colimdo.org\/noticias\/chalapud-campeon-la-edicion-40-vuelta-ciclista-independencia\/","title":{"rendered":"Chalapud, campe\u00f3n de la edici\u00f3n 40 Vuelta Ciclista Independencia"},"content":{"rendered":"<p>Robinson Chalapud se convirti\u00f3 en el campe\u00f3n de la edici\u00f3n 40 de la Vuelta Cicl\u00edstica Independencia, tras levantar los brazos como el gran campe\u00f3n del evento correspondiente a este a\u00f1o que tuvo su culminaci\u00f3n con un circuito efectuado en el \u00e1rea monumental de Santiago.<\/p>\n<p>Chalapud, veterano pedalista colombiano que en los pr\u00f3ximos d\u00edas cumplir\u00e1 35 a\u00f1os, domin\u00f3 la clasificaci\u00f3n general individual desde la fecha en que inicio el certamen cuando se alz\u00f3 con la primera etapa efectuada en el trayecto San Crist\u00f3bal-Ban\u00ed- San Jos\u00e9 de Ocoa.<\/p>\n<p>El representante del Team Medell\u00edn finaliz\u00f3 en el primer lote en el circuito para mantener en 31 segundos su ventaja sobre su compa\u00f1ero de selecci\u00f3n Oscar Sevilla, quien el s\u00e1bado hab\u00eda conquistado la etapa de las monta\u00f1as que culmin\u00f3 en Constanza.<\/p>\n<p>Chalapud, con gran historial en el ciclismo mundial que lo ha llevado a participar en el Tour de Francia, Giro de Italia y Vuelta a Espa\u00f1a, culmin\u00f3 con tiempo general de 18 horas: 8 minutos y 09 segundos para llevarse los principales palmares.<\/p>\n<p>Al monarca del campeonato de ruta en Colombia en el 2015, tres de sus compa\u00f1eros del Team Medell\u00edn como fueron Sevilla, tambi\u00e9n pedalista de extensa trayectoria mundial, quien qued\u00f3 a 31 segundos, Cristhian Montoyo finaliz\u00f3 a 1:00, Harold Tejada concluy\u00f3 a 4:09 minutos.<\/p>\n<p>Ismael S\u00e1nchez finaliz\u00f3 como el dominicano mejor clasificado y qued\u00f3 en el quinto puesto a 6:27 minutos, siendo el \u00fanico quisqueyano que arrib\u00f3 entre los diez primeros puestos. La edici\u00f3n 40 de la Vuelta Ciclista estuvo dedicada al periodista H\u00e9ctor J. Cruz, Editor Deportivo del List\u00edn Diario y todas las etapas estuvieron en televisi\u00f3n nacional a trav\u00e9s de Colimdo TV, canal 88 de Claro.<\/p>\n<p>El giro estuvo enclavado en categor\u00eda 2.2 avalado por la Uni\u00f3n Ciclista Internacional y el mismo otorg\u00f3 puntos para los Juegos Ol\u00edmpicos de Tokyo 2020<\/p>\n<p><strong>El Team Medell\u00edn domina por equipos<\/strong><\/p>\n<p>Asimismo, el Team Medell\u00edn tambi\u00e9n realiz\u00f3 una especie de \u201cpunta a punta\u201d en el liderato general por equipos, pues tom\u00f3 las riendas desde el primer d\u00eda del cl\u00e1sico cicl\u00edstico. En total tuvo un tiempo de 54 horas: 25 minutos y 44 segundos, el Deprisa Bolivia ocup\u00f3 el segundo puesto a 22:23 minutos, el inteja Imca Ridea fue tercero a 29:36 minutos, el Team Saitel fue cuarto a 29:54 minutos.<\/p>\n<p>Los ganadores durante todas las etapas siempre se mantuvieron imponiendo el ritmo de carrera en las diferentes jornadas, ejerciendo un gran dominio del pelot\u00f3n.<\/p>\n<p><strong>Montoya triunfo en las monta\u00f1as<\/strong><\/p>\n<p>De su lado, Cristhian Montoya, del Team Medell\u00edn se convirti\u00f3 en el gran ganador de las monta\u00f1as al acumular 28 puntos, siendo el segundo lugar para el dominicano Ram\u00f3n Mer\u00e1n, de Aero Cycling Team con 24 y Chalapud fue tercero con 20.<\/p>\n<p><strong>Metas volantes<\/strong><\/p>\n<p>Christopher Jurado sali\u00f3 triunfante en la clasificaci\u00f3n de metas volantes, tras acumular 18 puntos, siendo secundado por Diego Mil\u00e1n, de Inteja Imca Ridea, quien registr\u00f3 11, el tercero fue para Mer\u00e1n, quien tuvo 10.<\/p>\n<p>En la etapa de este domingo se disputaron cuatro metas volantes, la primera fue ganada por Jurado, con Mer\u00e1n en segundo lugar, en la segunda Mer\u00e1n fue el triunfador con Jurado en segundo, Diego Mil\u00e1n gan\u00f3 la tercera con Mer\u00e1n en segundo y Sebasti\u00e1n Caro se apoder\u00f3 de la cuarta con Geovanny Garc\u00eda en la segunda posici\u00f3n.<\/p>\n<p>Bakker mejor por puntos y Tejada en Sub 23<\/p>\n<p>De su lado, Steven Bakker, del Global Cycling Holland fue el m\u00e1s sobresaliente en las clasificaciones por puntos al acumular la friolera de 61, consiguiendo Christopher Jurado el segundo lugar con 56, Steven Cuesta fue tercero con 50.<\/p>\n<p>Mientras que Harold Tejada domin\u00f3 en la Sub 23 a 4:09 minutos, el segundo puesto fue para Diego Montalvo, quien lleg\u00f3 a 7:13 minutos y Abner Gonz\u00e1lez fue tercero a 10:54.<\/p>\n<p><strong>La etapa del domingo <\/strong><\/p>\n<p>La jornada de este domingo, que comprendi\u00f3 un circuito en el \u00e1rea monumental de Santiago, fue conquistada por Sebasti\u00e1n Caro, del equipo Deprisa de Bolivia, ocupando Welington Canela, de Aero Cycling Team el segundo lugar y Geovanny Garc\u00eda, de Eda Evolucion cerr\u00f3 en tercero.<\/p>\n<p>Caro emprendi\u00f3 una escapada en la \u00faltima vuelta de la pruebe, despeg\u00e1ndose de una cuarteta que integraba junto a Canela, Adderlin Cruz y Weimar Rold\u00e1n, del team Medell\u00edn. El ganador recorri\u00f3 los 135 kil\u00f3metros de la prueba en tiempo de dos horas, 08 minutos y 38 segundos.<\/p>\n","protected":false},"excerpt":{"rendered":"<p>El veterano pedalista colombiano, que en los pr\u00f3ximos d\u00edas cumplir\u00e1 35 a\u00f1os, domin\u00f3 la clasificaci\u00f3n general individual desde el primer d\u00eda.<\/p>\n","protected":false},"author":13,"featured_media":49586,"comment_status":"closed","ping_status":"closed","sticky":false,"template":"","format":"standard","meta":[],"categories":[2],"tags":[],"acf":[],"_links":{"self":[{"href":"https:\/\/colimdo.org\/wp-api\/wp\/v2\/posts\/49585"}],"collection":[{"href":"https:\/\/colimdo.org\/wp-api\/wp\/v2\/posts"}],"about":[{"href":"https:\/\/colimdo.org\/wp-api\/wp\/v2\/types\/post"}],"author":[{"embeddable":true,"href":"https:\/\/colimdo.org\/wp-api\/wp\/v2\/users\/13"}],"replies":[{"embeddable":true,"href":"https:\/\/colimdo.org\/wp-api\/wp\/v2\/comments?post=49585"}],"version-history":[{"count":1,"href":"https:\/\/colimdo.org\/wp-api\/wp\/v2\/posts\/49585\/revisions"}],"predecessor-version":[{"id":49587,"href":"https:\/\/colimdo.org\/wp-api\/wp\/v2\/posts\/49585\/revisions\/49587"}],"wp:featuredmedia":[{"embeddable":true,"href":"https:\/\/colimdo.org\/wp-api\/wp\/v2\/media\/49586"}],"wp:attachment":[{"href":"https:\/\/colimdo.org\/wp-api\/wp\/v2\/media?parent=49585"}],"wp:term":[{"taxonomy":"category","embeddable":true,"href":"https:\/\/colimdo.org\/wp-api\/wp\/v2\/categories?post=49585"},{"taxonomy":"post_tag","embeddable":true,"href":"https:\/\/colimdo.org\/wp-api\/wp\/v2\/tags?post=49585"}],"curies":[{"name":"wp","href":"https:\/\/api.w.org\/{rel}","templated":true}]}}