{"id":49588,"date":"2019-03-04T02:36:33","date_gmt":"2019-03-04T02:36:33","guid":{"rendered":"https:\/\/colimdo.org\/?p=49588"},"modified":"2019-03-04T02:36:33","modified_gmt":"2019-03-04T02:36:33","slug":"edward-espinosa-reemplaza-luis-pie-clasificatorio-taekwondo","status":"publish","type":"post","link":"https:\/\/colimdo.org\/noticias\/edward-espinosa-reemplaza-luis-pie-clasificatorio-taekwondo\/","title":{"rendered":"Edward Espinosa reemplaza a Luis Pie en Clasificatorio Taekwondo"},"content":{"rendered":"<p>Edward Espinosa tendr\u00e1 la responsabilidad de ocupar el puesto que durante m\u00e1s de una d\u00e9cada han defendido exitosamente los medallistas ol\u00edmpicos Gabriel Mercedes y Luis Pie en el plantel nacional de taekwondo de la Rep\u00fablica Dominicana.<\/p>\n<p>Espinosa se asegur\u00f3 el lugar correspondiente a la categor\u00eda -58 kilogramos en el equipo de la Rep\u00fablica Dominicana que participar\u00e1 en el Clasificatorio de Taekwondo en ruta a los Juegos Panamericanos Lima 2019, a celebrarse en Santo Domingo a partir del pr\u00f3ximo jueves en el Palacio de Voleibol del Centro Ol\u00edmpico Juan Pablo Duarte y que estar\u00e1 dedicado al veterano periodista Leo Corpor\u00e1n.<\/p>\n<p>\u201cEstoy consciente de que la categor\u00eda en que me corresponde competir es la m\u00e1s gloriosa en la historia del taekwondo dominicano\u201d, confes\u00f3 Espinosa. \u201cPero no lo asumo con presi\u00f3n, sino como un compromiso, porque Luisito Pie es un atleta de gran nivel, lo mismo que Gabriel Mercedes, a quien sucedi\u00f3 en la selecci\u00f3n nacional\u201d, agreg\u00f3.<\/p>\n<p>Se recuerda que Pie gan\u00f3 medalla de bronce en los Juegos Ol\u00edmpicos de R\u00edo de Janeiro 2016, la \u00fanica presea conquistada por la delegaci\u00f3n dominicana en la cita ol\u00edmpica, mientras que Mercedes se adjudic\u00f3 la plata en Beijing 2008.<\/p>\n<p>Espinosa sustituye a Pie en el seleccionado que estar\u00e1 en el clasificatorio debido a que lo super\u00f3 en puntos, acumulados durante los cortes eliminatorios dise\u00f1ados por la direcci\u00f3n t\u00e9cnica de la Federaci\u00f3n Dominicana de Taekwondo.<\/p>\n<p>Espinosa, sin embargo, no es un desconocido. Se trata de un atleta que particip\u00f3 en el Open de Santo Domingo en el 2012, donde se adjudic\u00f3 la medalla de plata y compiti\u00f3 en el clasificatorio para los Juegos Centroamericanos y del Caribe Veracruz 2014.<\/p>\n<p>\u201cEstoy orgulloso de esta oportunidad para representar a mi pa\u00eds en el clasificatorio\u00a0 y competir por asegurar la plaza de -58 kilogramos para los Juegos Panamericanos de Per\u00fa, Lima\u201d, sostuvo.<\/p>\n<p><strong>Comienzan a llegar delegaciones<\/strong><\/p>\n<p>Por otra parte, el presidente de la Federaci\u00f3n Dominicana de Taekwondo, Francisco Camacho, inform\u00f3 que el fin de semana llegaron a Rep\u00fablica Dominicana las delegaciones de Cuba, Argentina, Barbados y Jamaica para su participaci\u00f3n tanto en el clasificatorio como en el Abierto G-1, puntuable para al ranking mundial.<\/p>\n<p>Explic\u00f3 que entre este lunes y el martes llegaran el resto de las delegaciones.\u00a0 \u201cEsperamos competidores de todos los pa\u00edses del continente americano por tratarse del \u00fanico evento clasificatorio para Lima 2019\u201d, a\u00f1adi\u00f3.<\/p>\n<p>El clasificatorio y el abierto se celebrar\u00e1n durante los d\u00edas del 7 al 10 de este mes en el Palacio del Voleibol del Centro Ol\u00edmpico Juan Pablo Duarte.<\/p>\n<p>El comit\u00e9 organizador lo preside el ministro de Deportes, Danilo D\u00edaz, quien ha planteado que Rep\u00fablica Dominicana se convertir\u00e1 en la capital mundial del taekwondo durante los d\u00edas de celebraci\u00f3n del clasificatorio y el abierto G-1.<\/p>\n","protected":false},"excerpt":{"rendered":"<p>El joven atleta competir\u00e1 en la categor\u00eda menos 58 kilos en el certamen que arranque el jueves en el Pabell\u00f3n de Voleibol del Centro Ol\u00edmpico.<\/p>\n","protected":false},"author":13,"featured_media":49589,"comment_status":"closed","ping_status":"closed","sticky":false,"template":"","format":"standard","meta":[],"categories":[2,60],"tags":[],"acf":[],"_links":{"self":[{"href":"https:\/\/colimdo.org\/wp-api\/wp\/v2\/posts\/49588"}],"collection":[{"href":"https:\/\/colimdo.org\/wp-api\/wp\/v2\/posts"}],"about":[{"href":"https:\/\/colimdo.org\/wp-api\/wp\/v2\/types\/post"}],"author":[{"embeddable":true,"href":"https:\/\/colimdo.org\/wp-api\/wp\/v2\/users\/13"}],"replies":[{"embeddable":true,"href":"https:\/\/colimdo.org\/wp-api\/wp\/v2\/comments?post=49588"}],"version-history":[{"count":1,"href":"https:\/\/colimdo.org\/wp-api\/wp\/v2\/posts\/49588\/revisions"}],"predecessor-version":[{"id":49590,"href":"https:\/\/colimdo.org\/wp-api\/wp\/v2\/posts\/49588\/revisions\/49590"}],"wp:featuredmedia":[{"embeddable":true,"href":"https:\/\/colimdo.org\/wp-api\/wp\/v2\/media\/49589"}],"wp:attachment":[{"href":"https:\/\/colimdo.org\/wp-api\/wp\/v2\/media?parent=49588"}],"wp:term":[{"taxonomy":"category","embeddable":true,"href":"https:\/\/colimdo.org\/wp-api\/wp\/v2\/categories?post=49588"},{"taxonomy":"post_tag","embeddable":true,"href":"https:\/\/colimdo.org\/wp-api\/wp\/v2\/tags?post=49588"}],"curies":[{"name":"wp","href":"https:\/\/api.w.org\/{rel}","templated":true}]}}