{"id":49612,"date":"2019-03-04T14:49:28","date_gmt":"2019-03-04T14:49:28","guid":{"rendered":"https:\/\/colimdo.org\/?p=49612"},"modified":"2019-03-04T14:50:18","modified_gmt":"2019-03-04T14:50:18","slug":"luis-pie-competira-abierto-g-1","status":"publish","type":"post","link":"https:\/\/colimdo.org\/noticias\/luis-pie-competira-abierto-g-1\/","title":{"rendered":"Medallista ol\u00edmpico Luis Pie competir\u00e1 en el Abierto G-1"},"content":{"rendered":"<p class=\"x_MsoNormal\">SANTO DOMINGO. Aun y cuando no participar\u00e1 en el Clasificatorio de Taekwondo en ruta a los Juegos Panamericanos de Lima, Per\u00fa, el medallista ol\u00edmpico Luis Pie competir\u00e1 en el Abierto G-1, puntuable para el ranking mundial y que, al igual que el primero, tambi\u00e9n se celebrar\u00e1 en Santo Domingo.<\/p>\n<p class=\"x_MsoNormal\">Pie, quien gan\u00f3 la \u00fanica medalla (bronce) lograda por la Rep\u00fablica Dominicana en los Juegos Ol\u00edmpicos de R\u00edo de Janeiro, en el 2016, fue reemplazado por Edward Espinosa para el clasificatorio, dedicado al periodista Leo Corpor\u00e1n y que inicia el pr\u00f3ximo jueves en el Palacio de Voleibol del Centro Ol\u00edmpico Juan Pablo Duarte.<\/p>\n<p class=\"x_MsoNormal\">El clasificatorio y el Abierto G-1 se estar\u00e1n celebrado desde el 7 hasta el 10 de este mes, con la participaci\u00f3n de atletas de m\u00e1s de 40 pa\u00edses del continente americano y el mundo.<\/p>\n","protected":false},"excerpt":{"rendered":"<p>Pie, quien gan\u00f3 la \u00fanica medalla (bronce) lograda por la Rep\u00fablica Dominicana en los Juegos Ol\u00edmpicos de R\u00edo de Janeiro, en el 2016, fue reemplazado por Edward Espinosa para el clasificatorio, dedicado al periodista Leo Corpor\u00e1n y que inicia el pr\u00f3ximo jueves en el Palacio de Voleibol del Centro Ol\u00edmpico Juan Pablo Duarte.<\/p>\n","protected":false},"author":16,"featured_media":49613,"comment_status":"closed","ping_status":"closed","sticky":false,"template":"","format":"standard","meta":[],"categories":[2,60],"tags":[],"acf":[],"_links":{"self":[{"href":"https:\/\/colimdo.org\/wp-api\/wp\/v2\/posts\/49612"}],"collection":[{"href":"https:\/\/colimdo.org\/wp-api\/wp\/v2\/posts"}],"about":[{"href":"https:\/\/colimdo.org\/wp-api\/wp\/v2\/types\/post"}],"author":[{"embeddable":true,"href":"https:\/\/colimdo.org\/wp-api\/wp\/v2\/users\/16"}],"replies":[{"embeddable":true,"href":"https:\/\/colimdo.org\/wp-api\/wp\/v2\/comments?post=49612"}],"version-history":[{"count":2,"href":"https:\/\/colimdo.org\/wp-api\/wp\/v2\/posts\/49612\/revisions"}],"predecessor-version":[{"id":49615,"href":"https:\/\/colimdo.org\/wp-api\/wp\/v2\/posts\/49612\/revisions\/49615"}],"wp:featuredmedia":[{"embeddable":true,"href":"https:\/\/colimdo.org\/wp-api\/wp\/v2\/media\/49613"}],"wp:attachment":[{"href":"https:\/\/colimdo.org\/wp-api\/wp\/v2\/media?parent=49612"}],"wp:term":[{"taxonomy":"category","embeddable":true,"href":"https:\/\/colimdo.org\/wp-api\/wp\/v2\/categories?post=49612"},{"taxonomy":"post_tag","embeddable":true,"href":"https:\/\/colimdo.org\/wp-api\/wp\/v2\/tags?post=49612"}],"curies":[{"name":"wp","href":"https:\/\/api.w.org\/{rel}","templated":true}]}}