{"id":49631,"date":"2019-03-04T16:55:01","date_gmt":"2019-03-04T16:55:01","guid":{"rendered":"https:\/\/colimdo.org\/?p=49631"},"modified":"2019-03-04T16:55:01","modified_gmt":"2019-03-04T16:55:01","slug":"cod-recibe-este-martes-antorcha-los-juegos-militares-policiales","status":"publish","type":"post","link":"https:\/\/colimdo.org\/noticias\/cod-recibe-este-martes-antorcha-los-juegos-militares-policiales\/","title":{"rendered":"COD recibe este martes antorcha de los Juegos Militares y Policiales"},"content":{"rendered":"<div>\n<p class=\"x_ydpe9e58bb9MsoNormal\">SANTO DOMINGO.\u00a0 La antorcha con el simb\u00f3lico fuego de los Juegos Deportivos de las Fuerzas Armadas y la Polic\u00eda Nacional ser\u00e1 recibida este martes, a las 10:45 de la ma\u00f1ana en la explanada frontal del Comit\u00e9 Ol\u00edmpico Dominicano (COD).<\/p>\n<\/div>\n<div>\n<p class=\"x_ydpf0569c27yiv7925360972msonormal\"><span lang=\"ES-TRAD\">Una comitiva encabezada por el licenciado Luis mej\u00eda Oviedo, presidente del COD, recibir\u00e1 la antorcha que inici\u00f3 su recorrido el pasado 26 de febrero, en un acto encabezado por el Ministro de Defensa, Teniente General, Rub\u00e9n Dar\u00edo Paulino Sem, E.R.D., quien entreg\u00f3 la antorcha al coronel Kalil Hach\u00e9 Malkun, E.R.D., presidente del Consejo Directivo del C\u00edrculo Deportivo de las Fuerzas Armadas y la Polic\u00eda Nacional.<\/span><\/p>\n<p class=\"x_ydpf0569c27yiv7925360972msonormal\"><span lang=\"ES-TRAD\">Los Juegos Deportivos de las Fuerzas Armadas y la Polic\u00eda Nacional ser\u00e1n inaugurados el 3 de abril pr\u00f3ximo y se estar\u00e1 compitiendo hasta el 31 de mayo venidero.<\/span><\/p>\n<p class=\"x_ydpf0569c27yiv7925360972msonormal\"><span lang=\"ES-TRAD\">Previamente se realiza esta ceremonia del recorrido de los Juegos para promover el evento. Ese fuego simb\u00f3lico toca a cada una de las cuatro instituciones que toman parte en los juegos (Ej\u00e9rcito de la Rep\u00fablica Dominicana, la Armada de la Rep\u00fablica Dominicana, la Fuerza A\u00e9rea de la Rep\u00fablica Dominicana y la Polic\u00eda Nacional.<\/span><\/p>\n<p class=\"x_ydpf0569c27yiv7925360972msonormal\"><span lang=\"ES-TRAD\">La antorcha toca tambi\u00e9n a otras instituciones, como es el Comit\u00e9 Ol\u00edmpico Dominicano y el Ministerio de Deportes.<\/span><\/p>\n<p class=\"x_ydpf0569c27yiv7925360972msonormal\"><span lang=\"ES-TRAD\">En estos juegos participan atletas del m\u00e1s alto nivel del pa\u00eds en las disciplinas de atletismo, baloncesto, boxeo, b\u00e9isbol, balonmano, ciclismo, softbol, tiro, voleibol, lucha, boliche, judo, karate, taekwondo levantamiento de pesas y otras m\u00e1s.<\/span><\/p>\n<\/div>\n","protected":false},"excerpt":{"rendered":"<p>Una comitiva encabezada por el licenciado Luis mej\u00eda Oviedo, presidente del COD, recibir\u00e1 la antorcha que inici\u00f3 su recorrido el pasado 26 de febrero, en un acto encabezado por el Ministro de Defensa, Teniente General, Rub\u00e9n Dar\u00edo Paulino Sem, E.R.D.<\/p>\n","protected":false},"author":16,"featured_media":49632,"comment_status":"closed","ping_status":"closed","sticky":false,"template":"","format":"standard","meta":[],"categories":[2,60],"tags":[],"acf":[],"_links":{"self":[{"href":"https:\/\/colimdo.org\/wp-api\/wp\/v2\/posts\/49631"}],"collection":[{"href":"https:\/\/colimdo.org\/wp-api\/wp\/v2\/posts"}],"about":[{"href":"https:\/\/colimdo.org\/wp-api\/wp\/v2\/types\/post"}],"author":[{"embeddable":true,"href":"https:\/\/colimdo.org\/wp-api\/wp\/v2\/users\/16"}],"replies":[{"embeddable":true,"href":"https:\/\/colimdo.org\/wp-api\/wp\/v2\/comments?post=49631"}],"version-history":[{"count":1,"href":"https:\/\/colimdo.org\/wp-api\/wp\/v2\/posts\/49631\/revisions"}],"predecessor-version":[{"id":49633,"href":"https:\/\/colimdo.org\/wp-api\/wp\/v2\/posts\/49631\/revisions\/49633"}],"wp:featuredmedia":[{"embeddable":true,"href":"https:\/\/colimdo.org\/wp-api\/wp\/v2\/media\/49632"}],"wp:attachment":[{"href":"https:\/\/colimdo.org\/wp-api\/wp\/v2\/media?parent=49631"}],"wp:term":[{"taxonomy":"category","embeddable":true,"href":"https:\/\/colimdo.org\/wp-api\/wp\/v2\/categories?post=49631"},{"taxonomy":"post_tag","embeddable":true,"href":"https:\/\/colimdo.org\/wp-api\/wp\/v2\/tags?post=49631"}],"curies":[{"name":"wp","href":"https:\/\/api.w.org\/{rel}","templated":true}]}}