{"id":49639,"date":"2019-03-04T19:09:40","date_gmt":"2019-03-04T19:09:40","guid":{"rendered":"https:\/\/colimdo.org\/?p=49639"},"modified":"2019-03-04T19:10:49","modified_gmt":"2019-03-04T19:10:49","slug":"jose-luis-ramirez-reelecto-presidente-la-federacion-karate","status":"publish","type":"post","link":"https:\/\/colimdo.org\/noticias\/jose-luis-ramirez-reelecto-presidente-la-federacion-karate\/","title":{"rendered":"Jos\u00e9 Luis Ram\u00edrez, reelecto presidente de la Federaci\u00f3n de Karate"},"content":{"rendered":"<p><strong>SANTO DOMINGO<\/strong>. El veterano dirigente deportivo, Jos\u00e9 Luis Ram\u00edrez (Borola), fue reelecto por los pr\u00f3ximos cuatro a\u00f1os como presidente de la Federaci\u00f3n Dominicana de Karate (Fedokarate) durante los comicios celebrados en la sede de Fedokarate.<\/p>\n<p>El nuevo comit\u00e9 ejecutivo de la Fedokarate, encabezado por Borola, encabez\u00f3 la plancha \u00fanica &#8220;Profesor Alberto Soriano&#8221;.<\/p>\n<p>Adem\u00e1s de Ram\u00edrez, completan la plancha \u00fanica Antonio Volquez, primer vicepresidente; Manuel Coronado, segundo vicepresidente; Ram\u00f3n Presinal, secretario general; Carlos G\u00f3mez,\u00a0 tesorero; Severiano Rosa, en organizaci\u00f3n; Feliz Marte Campusano, en disciplina, as\u00ed como Ram\u00f3n Emilio Zabala y Ana Montilla, vocales.<\/p>\n<p>Tras concluir el proceso, el presidente del COD, Luis Mej\u00eda Oviedo, tom\u00f3 el juramento a la nueva directiva de Fedokarate, y los inst\u00f3 a seguir trabajando a favor de su disciplina y el deporte en sentido general.<\/p>\n<p>De su lado, el profesor Jos\u00e9 Luis Ram\u00edrez proclam\u00f3 que ese grupo de hombres y mujeres continuar\u00e1n d\u00e1ndole triunfos al pa\u00eds y formando j\u00f3venes competentes para la sociedad.<\/p>\n<p>La asamblea cont\u00f2 con la presencia de delegados de las 24 asociaciones afiliadas a la Fedokarate y las votaron a unanimidad a favor de los integrantes del nuevo Comit\u00e9 Ejecutivo.<\/p>\n<p>Ram\u00edrez y el Comit\u00e9 Ejecutivo estar\u00e1n al frente de Fedokarate para el per\u00edodo 2019-2023.<\/p>\n<p>La comisi\u00f3n electoral estuvo presidida por Nelson Ram\u00edrez,\u00a0 William Ozuna, secretario, y Rolando Guante, miembro. Como notario estuvo el doctor Neftali Santana, y el ingeniero Edwin Rodr\u00edguez estuvo como enlace del COD con la federaci\u00f3n.<\/p>\n<p>Las Asociaciones con voz y voto fueron Azua, Barahona, Bahoruco, El\u00edas Pi\u00f1a, San Crist\u00f3bal, Ocoa, San Juan de la Maguana, Monte Plata, Hig\u00fcey,\u00a0 La Romana, San Pedro de Macor\u00eds, Bonao, la Vega, Santiago, Puerto Plata, Mao, Moca, Hnas. Mirabal, Cotu\u00ed, San Francisco de Macor\u00eds, Nagua,\u00a0 Saman\u00e1,\u00a0 Prov. Santo Domingo y el Distrito Nacional.<\/p>\n","protected":false},"excerpt":{"rendered":"<p>El dirigente deportivo encabez\u00f3 la plancha \u00fanica \u201cProfesor Alberto Soriano\u201d y recibi\u00f3 el voto de las 24 asociaciones en los comicios del domingo.<\/p>\n","protected":false},"author":13,"featured_media":49641,"comment_status":"closed","ping_status":"closed","sticky":false,"template":"","format":"standard","meta":[],"categories":[2,60],"tags":[],"acf":[],"_links":{"self":[{"href":"https:\/\/colimdo.org\/wp-api\/wp\/v2\/posts\/49639"}],"collection":[{"href":"https:\/\/colimdo.org\/wp-api\/wp\/v2\/posts"}],"about":[{"href":"https:\/\/colimdo.org\/wp-api\/wp\/v2\/types\/post"}],"author":[{"embeddable":true,"href":"https:\/\/colimdo.org\/wp-api\/wp\/v2\/users\/13"}],"replies":[{"embeddable":true,"href":"https:\/\/colimdo.org\/wp-api\/wp\/v2\/comments?post=49639"}],"version-history":[{"count":1,"href":"https:\/\/colimdo.org\/wp-api\/wp\/v2\/posts\/49639\/revisions"}],"predecessor-version":[{"id":49643,"href":"https:\/\/colimdo.org\/wp-api\/wp\/v2\/posts\/49639\/revisions\/49643"}],"wp:featuredmedia":[{"embeddable":true,"href":"https:\/\/colimdo.org\/wp-api\/wp\/v2\/media\/49641"}],"wp:attachment":[{"href":"https:\/\/colimdo.org\/wp-api\/wp\/v2\/media?parent=49639"}],"wp:term":[{"taxonomy":"category","embeddable":true,"href":"https:\/\/colimdo.org\/wp-api\/wp\/v2\/categories?post=49639"},{"taxonomy":"post_tag","embeddable":true,"href":"https:\/\/colimdo.org\/wp-api\/wp\/v2\/tags?post=49639"}],"curies":[{"name":"wp","href":"https:\/\/api.w.org\/{rel}","templated":true}]}}