{"id":49644,"date":"2019-03-05T00:11:48","date_gmt":"2019-03-05T00:11:48","guid":{"rendered":"https:\/\/colimdo.org\/?p=49644"},"modified":"2019-03-05T00:12:20","modified_gmt":"2019-03-05T00:12:20","slug":"fedofutbol-hara-encuentro-ofrecer-detalles-temporada-ldf","status":"publish","type":"post","link":"https:\/\/colimdo.org\/noticias\/fedofutbol-hara-encuentro-ofrecer-detalles-temporada-ldf\/","title":{"rendered":"Fedofutbol har\u00e1 encuentro para ofrecer detalles temporada LDF"},"content":{"rendered":"<p><strong>SANTO DOMINGO<\/strong>.- La Federaci\u00f3n Dominicana de F\u00fatbol (Fedofutbol) inform\u00f3 que la Liga Dominicana de F\u00fatbol (LDF) anunciar\u00e1 todos los detalles sobre la temporada 2019, en un acto que ser\u00e1 efectuado el 12 de marzo pr\u00f3ximo.<\/p>\n<p>Ratific\u00f3 que la temporada iniciar\u00e1 el 30 de marzo, con un acto oficial que tendr\u00e1 lugar en el estadio Cibao FC, en la ciudad de Santiago.<\/p>\n<p>En el encuentro del pr\u00f3ximo martes, 12 de marzo, se dar\u00e1n todos los pormenores del calendario que regir\u00e1 el evento.<\/p>\n<p>Igualmente, el pr\u00f3ximo jueves, 6 de marzo, la Comisi\u00f3n de Licenciamiento de ese organismo estar\u00e1 haciendo las evaluaciones correspondientes a los diferentes clubes que tomar\u00e1n parte en el pr\u00f3ximo torneo de la Liga Dominicana de F\u00fatbol (LDF).<\/p>\n<p>\u201cEstamos danto todos los pasos para garantizar una temporada exitosa de la LDF\u201d, refiri\u00f3 Dinardo \u2013Lalo- Rodr\u00edguez, director de la LDF, a trav\u00e9s de una nota de la Oficina de Prensa de la Fedofutbol.<\/p>\n<p>Precisa que la evaluaci\u00f3n de todos los clubes servir\u00e1 para determinar cu\u00e1les de estos cumplen con los requisitos para iniciar en la pr\u00f3xima temporada.<\/p>\n<p>En el encuentro del d\u00eda 12, se dar\u00e1n detalles sobre la transmisi\u00f3n que tendr\u00e1 la LDF para la temporada 2019, as\u00ed como innovaciones adicionales que tendr\u00e1 el p\u00fablico que sigue este evento.<\/p>\n<p>Se recuerda que la Fedofutbol y la multinacional OZ Sports suscribieron un acuerdo que permitir\u00e1 la transmisi\u00f3n de todos los partidos de la LDF, gracias a la instalaci\u00f3n de tecnolog\u00eda rob\u00f3tica en los diferentes estadios del pa\u00eds.<\/p>\n<p>Ese acuerdo fue firmado por Manuel Luna, presidente de la Comisi\u00f3n de Normalizaci\u00f3n de la Fedofutbol y el se\u00f1or Gudjon Gudjonsson, presidente de OZ Sports.<\/p>\n<p>La LDF ser\u00e1 la primera en la regi\u00f3n de la Concacaf \u00a0que contar\u00e1 con una plataforma tecnol\u00f3gica mediante la cual los seguidores podr\u00e1n ver los partidos desde cualquier dispositivo.<\/p>\n<p>Desde hace varios meses la LDF ha estado trabajando para la celebraci\u00f3n de la temporada 2019, conjuntamente con los clubes que tomar\u00e1n parte en el evento.<\/p>\n","protected":false},"excerpt":{"rendered":"<p>El acto est\u00e1 programado para llevarse a cabo el 12 de marzo pr\u00f3ximo, donde se dar\u00e1n a conocer todos los pormenores de la temporada 2019 de f\u00fatbol.<\/p>\n","protected":false},"author":13,"featured_media":49645,"comment_status":"closed","ping_status":"closed","sticky":false,"template":"","format":"standard","meta":[],"categories":[2],"tags":[],"acf":[],"_links":{"self":[{"href":"https:\/\/colimdo.org\/wp-api\/wp\/v2\/posts\/49644"}],"collection":[{"href":"https:\/\/colimdo.org\/wp-api\/wp\/v2\/posts"}],"about":[{"href":"https:\/\/colimdo.org\/wp-api\/wp\/v2\/types\/post"}],"author":[{"embeddable":true,"href":"https:\/\/colimdo.org\/wp-api\/wp\/v2\/users\/13"}],"replies":[{"embeddable":true,"href":"https:\/\/colimdo.org\/wp-api\/wp\/v2\/comments?post=49644"}],"version-history":[{"count":1,"href":"https:\/\/colimdo.org\/wp-api\/wp\/v2\/posts\/49644\/revisions"}],"predecessor-version":[{"id":49646,"href":"https:\/\/colimdo.org\/wp-api\/wp\/v2\/posts\/49644\/revisions\/49646"}],"wp:featuredmedia":[{"embeddable":true,"href":"https:\/\/colimdo.org\/wp-api\/wp\/v2\/media\/49645"}],"wp:attachment":[{"href":"https:\/\/colimdo.org\/wp-api\/wp\/v2\/media?parent=49644"}],"wp:term":[{"taxonomy":"category","embeddable":true,"href":"https:\/\/colimdo.org\/wp-api\/wp\/v2\/categories?post=49644"},{"taxonomy":"post_tag","embeddable":true,"href":"https:\/\/colimdo.org\/wp-api\/wp\/v2\/tags?post=49644"}],"curies":[{"name":"wp","href":"https:\/\/api.w.org\/{rel}","templated":true}]}}