{"id":49663,"date":"2019-03-05T12:25:01","date_gmt":"2019-03-05T12:25:01","guid":{"rendered":"https:\/\/colimdo.org\/?p=49663"},"modified":"2019-03-05T12:25:23","modified_gmt":"2019-03-05T12:25:23","slug":"la-vuelta-ciclista-independencia-se-destaco-elevado-nivel-competitivo","status":"publish","type":"post","link":"https:\/\/colimdo.org\/noticias\/la-vuelta-ciclista-independencia-se-destaco-elevado-nivel-competitivo\/","title":{"rendered":"La Vuelta Ciclista Independencia se destac\u00f3 por un elevado nivel competitivo"},"content":{"rendered":"<p><span lang=\"ES-DO\">Santo Domingo.\u00a0<\/span><span lang=\"ES-DO\">Un nivel competitivo tan elevado que permiti\u00f3 un rodaje con un promedio de 44 kil\u00f3metros por hora matizaron la edici\u00f3n 40 de la Vuelta Ciclista Independencia, certamen que concluy\u00f3 con calificaciones resaltantes en todos los renglones.<\/span><\/p>\n<p><span lang=\"ES-DO\">La justa, que estuvo marcada en la categor\u00eda 2.2 avalada por la Uni\u00f3n Ciclista Internacional sobresali\u00f3 por la gran cantidad de pedalistas experimentados, que incluso han paseado su talento por los m\u00e1s importantes giros cicl\u00edsticos a nivel mundial.<\/span><\/p>\n<p><span lang=\"ES-DO\">Tales son los casos de Robinson Chalapud, Oscar Sevilla, Cristopher Jurado, Steven Bakker, Giraldo Montoya entre otros, quienes en muchos de los casos establecieron el ritmo de carrera en las diferentes etapas.<\/span><\/p>\n<p><span lang=\"ES-DO\">No obstante, el gran nivel, los competidores dominicanos realizaron una gran labor, ganando dos de las seis etapas oficiales que se disputaron y uno de ellos, Ismael S\u00e1nchez se ubic\u00f3 en el quinto lugar en la clasificaci\u00f3n general individual.<\/span><\/p>\n<p><span lang=\"ES-DO\">\u201cAcabamos de finalizar una de las vueltas en que hubo un muy alto nivel de competencia de los \u00faltimos tiempos, con una amplia variedad de pedalistas de gran capacidad competitiva y esto fue notorio en las diferentes etapas\u201d, expres\u00f3 Jorge Blas D\u00edaz, presidente de la Federaci\u00f3n Dominicana de Ciclismo.<\/span><\/p>\n<p><span lang=\"ES-DO\">\u201cNuestros pedalistas mostraron grandes cualidades y claro este tope con personal de muy alto nivel les ayudar\u00e1 para los pr\u00f3ximos dos grandes eventos en los que participaremos como son los campeonatos del Caribe a efectuarse en M\u00e9xico a finales de abril y los Panamericanos de Lima, Per\u00fa en julio pr\u00f3ximo\u201d, agreg\u00f3.<\/span><\/p>\n<p><span lang=\"ES-DO\">A los status de ciclistas como Chalapud y Sevilla, Blas D\u00edaz resalt\u00f3 el hecho de que el Team Medell\u00edn, ganador por equipos en el certamen ven\u00eda de participar en al menos cinco vueltas desde el pasado octubre y desde el primer d\u00eda tom\u00f3 la punta en la clasificaci\u00f3n y no la solt\u00f3 jam\u00e1s. Culmin\u00f3 con 54 horas: 25 minutos y 44 segundos, superando en 22:23 minutos al deprisa de Bolivia.<\/span><\/p>\n<p><span lang=\"ES-DO\">Incluso, algunas de las vueltas en que participaron eran en categor\u00edas 2.1, como la de Colombia y el tour de san en Argentina, esto es el mismo puntaje del Tour de Francia.<\/span><\/p>\n<p><span lang=\"ES-DO\">El hecho de que la Vuelta Ciclista una vez m\u00e1s est\u00e9 incluida en el Presupuesto Nacional es algo que Blas D\u00edaz resalta y agradece la iniciativa que en los \u00faltimos a\u00f1os ha mostrado el Director General de Presupuesto, Luis Reyes Santos.<\/span><\/p>\n<p><span lang=\"ES-DO\">La alimentaci\u00f3n, hospedaje en el Albergue Ol\u00edmpico, se\u00f1alizaci\u00f3n y una seguridad que mejor\u00f3 en un 100 por ciento en la segunda parte de la edici\u00f3n 40 de certamen, fueron otros aspectos notables que extern\u00f3 Blas D\u00edaz sobre la feliz conclusi\u00f3n de uno de los m\u00e1s importantes giros cicl\u00edsticos de am\u00e9rica.<\/span><\/p>\n<p><span lang=\"ES-DO\">Blas D\u00edaz agradeci\u00f3 al general Ernesto Rodr\u00edguez Garc\u00eda, Director de de la Direcci\u00f3n General de seguridad de Tr\u00e1nsito y Transporte Terrestre su esfuerzo para que la Vuelta culminara a feliz t\u00e9rmino, luego que la cuarta etapa tuvo que suspenderse por varios factores.<\/span><\/p>\n<p><span lang=\"ES-DO\">\u201cEs algo con lo que esperamos seguir contando de manera permanente para futuros eventos importantes, el rengl\u00f3n seguridad le brinda garant\u00eda y plena confianza a la caravana de ciclistas que transitan por nuestros valles, monta\u00f1as y dem\u00e1s paisajes que tiene el pa\u00eds\u201d, expres\u00f3 Bl\u00e1s D\u00edaz.<\/span><\/p>\n<p><span lang=\"ES-DO\">Turismo y televisi\u00f3n<\/span><\/p>\n<p><span lang=\"ES-DO\">Otros dos renglones que Blas D\u00edaz destac\u00f3 lo representa el hecho de que ya el Ministerio de Turismo entiende de la importancia de la Vuelta Ciclista como foco tur\u00edstico para los dem\u00e1s pa\u00edses.<\/span><\/p>\n<p><span lang=\"ES-DO\">\u201cFue de mucha trascendencia su integraci\u00f3n en todas las etapas, incluso m\u00e1s que en otras versiones y esperamos seguir fortaleciendo esos nexos\u201d, sostuvo.<\/span><\/p>\n<p><span lang=\"ES-DO\">Mientras que tambi\u00e9n destac\u00f3 el hecho de que la Vuelta fue seguida por un muy elevado n\u00famero de personas , quienes desde sus hogares y hasta las oficinas estuvieron\u00a0\u00a0atentos a todo lo que ocurr\u00eda en la misma\u201d, destac\u00f3 .<\/span><\/p>\n<p><span lang=\"ES-DO\">En ese sentido agradeci\u00f3 al presidente del Comit\u00e9 Ol\u00edmpico Dominicano, Luis Mej\u00eda Oviedo para hacer posible este hecho. Cada d\u00eda la vuelta estaba en pantalla televisiva por Colimdo TV, a trav\u00e9s del canal 88 de Claro.<\/span><\/p>\n","protected":false},"excerpt":{"rendered":"<p>Blas D\u00edaz resalta los esfuerzos mostrados para que el evento llegara a buen final<\/p>\n","protected":false},"author":16,"featured_media":49664,"comment_status":"closed","ping_status":"closed","sticky":false,"template":"","format":"standard","meta":[],"categories":[2,60],"tags":[],"acf":[],"_links":{"self":[{"href":"https:\/\/colimdo.org\/wp-api\/wp\/v2\/posts\/49663"}],"collection":[{"href":"https:\/\/colimdo.org\/wp-api\/wp\/v2\/posts"}],"about":[{"href":"https:\/\/colimdo.org\/wp-api\/wp\/v2\/types\/post"}],"author":[{"embeddable":true,"href":"https:\/\/colimdo.org\/wp-api\/wp\/v2\/users\/16"}],"replies":[{"embeddable":true,"href":"https:\/\/colimdo.org\/wp-api\/wp\/v2\/comments?post=49663"}],"version-history":[{"count":2,"href":"https:\/\/colimdo.org\/wp-api\/wp\/v2\/posts\/49663\/revisions"}],"predecessor-version":[{"id":49666,"href":"https:\/\/colimdo.org\/wp-api\/wp\/v2\/posts\/49663\/revisions\/49666"}],"wp:featuredmedia":[{"embeddable":true,"href":"https:\/\/colimdo.org\/wp-api\/wp\/v2\/media\/49664"}],"wp:attachment":[{"href":"https:\/\/colimdo.org\/wp-api\/wp\/v2\/media?parent=49663"}],"wp:term":[{"taxonomy":"category","embeddable":true,"href":"https:\/\/colimdo.org\/wp-api\/wp\/v2\/categories?post=49663"},{"taxonomy":"post_tag","embeddable":true,"href":"https:\/\/colimdo.org\/wp-api\/wp\/v2\/tags?post=49663"}],"curies":[{"name":"wp","href":"https:\/\/api.w.org\/{rel}","templated":true}]}}