{"id":49667,"date":"2019-03-05T14:35:26","date_gmt":"2019-03-05T14:35:26","guid":{"rendered":"https:\/\/colimdo.org\/?p=49667"},"modified":"2019-03-05T14:35:26","modified_gmt":"2019-03-05T14:35:26","slug":"la-medallista-paralimpica-dejo-atras-200-tumores-derrame-cerebral","status":"publish","type":"post","link":"https:\/\/colimdo.org\/noticias\/la-medallista-paralimpica-dejo-atras-200-tumores-derrame-cerebral\/","title":{"rendered":"La medallista paral\u00edmpica que dej\u00f3 atr\u00e1s 200 tumores y un derrame cerebral"},"content":{"rendered":"<p class=\"canvas-atom canvas-text Mb(1.0em) Mb(0)--sm Mt(0.8em)--sm\">Sao Paulo, 5 mar (EFE).- A pesar de ser velocista, la carrera vital de la medallista paral\u00edmpica Ver\u00f3nica Hip\u00f3lito es de fondo y con obst\u00e1culos: con m\u00e1s de 200 tumores retirados en cuatro cirug\u00edas y las secuelas de un derrame cerebral a sus espaldas, la joven de 22 a\u00f1os volver\u00e1 ahora a competir para agrandar su leyenda.<\/p>\n<p class=\"canvas-atom canvas-text Mb(1.0em) Mb(0)--sm Mt(0.8em)--sm\">En su casa ubicada en las afueras de Sao Paulo, donde naci\u00f3, guarda siete medallas de oro, tres de plata y una de bronce de las competiciones de atletismo m\u00e1s importantes, aunque sus favoritas, las que sigue so\u00f1ando con superar, son las dos -plata y bronce- de los Juegos Paral\u00edmpicos de Rio de Janeiro (2016).<\/p>\n<p class=\"canvas-atom canvas-text Mb(1.0em) Mb(0)--sm Mt(0.8em)--sm\">La categor\u00eda en la que Hip\u00f3lito compite es la &#8220;T38&#8221;, correspondiente a atletas con deficiencia f\u00edsica derivada de par\u00e1lisis cerebral, una secuela, en su caso, de un derrame que sufri\u00f3 cuando ten\u00eda tan solo 14 a\u00f1os.<\/p>\n<p class=\"canvas-atom canvas-text Mb(1.0em) Mb(0)--sm Mt(0.8em)--sm\">Para la joven todo pas\u00f3 &#8220;muy r\u00e1pido&#8221;. Recuerda que se despert\u00f3 y ten\u00eda &#8220;medio cuerpo paralizado y muchas dificultades para hablar&#8221;, tal y como relata en una entrevista a Efe.<\/p>\n<p class=\"canvas-atom canvas-text Mb(1.0em) Mb(0)--sm Mt(0.8em)--sm\">Lo que m\u00e1s le marc\u00f3, sin embargo, fueron las palabras que le dijo su padre antes de salir del hospital: &#8220;&#8216;Cuando salgas de aqu\u00ed, todo el mundo va a intentar ponerte l\u00edmites, pero la que va a decidir lo que vas a hacer o no, eres t\u00fa&#8217;&#8230; Y aqu\u00ed estoy&#8221;, evoc\u00f3 la deportista, antes de echarse a re\u00edr.<\/p>\n<p class=\"canvas-atom canvas-text Mb(1.0em) Mb(0)--sm Mt(0.8em)--sm\">A pesar de que algunos m\u00e9dicos la dijeron que no volver\u00eda a andar, Ver\u00f3nica volvi\u00f3 a &#8220;encontrarse&#8221; en el atletismo y s\u00f3lo dos a\u00f1os despu\u00e9s, con 17, gan\u00f3 el t\u00edtulo de campeona del mundo de los 200 metros en su categor\u00eda: &#8220;Ah\u00ed empezaron a cambiar las cosas&#8221;, sentenci\u00f3.<\/p>\n<p class=\"canvas-atom canvas-text Mb(1.0em) Mb(0)--sm Mt(0.8em)--sm\">En el mismo a\u00f1o de su conquista mundial (2013), la atleta recibi\u00f3 la noticia de que su primer tumor cerebral operado en 2009 hab\u00eda vuelto y comenz\u00f3 un fuerte tratamiento que la sac\u00f3 de las pistas por unos meses.<\/p>\n<p class=\"canvas-atom canvas-text Mb(1.0em) Mb(0)--sm Mt(0.8em)--sm\">Retomados los entrenamientos y a quince d\u00edas del comienzo de los Juegos Parapanamericanos de Toronto 2015, la atleta descubri\u00f3 que padec\u00eda &#8216;poliposis adenomatosa familiar&#8217;, un s\u00edndrome poco com\u00fan que dej\u00f3 en su intestino m\u00e1s de doscientos tumores considerados &#8220;graves&#8221;.<\/p>\n<p class=\"canvas-atom canvas-text Mb(1.0em) Mb(0)--sm Mt(0.8em)--sm\">Para la atleta, la clave para superar las malas noticias es &#8220;enfocarse en la soluci\u00f3n&#8221;: &#8220;Hay un problema, hay una soluci\u00f3n, me enfoco en la soluci\u00f3n, entreno&#8221;.<\/p>\n<p class=\"canvas-atom canvas-text Mb(1.0em) Mb(0)--sm Mt(0.8em)--sm\">Con esta filosof\u00eda, y s\u00f3lo despu\u00e9s de conquistar tres oros y una plata en los Parapanamericanos que la encumbraron como la m\u00e1xima y m\u00e1s joven mujer medallista de la competici\u00f3n (19 a\u00f1os), Hip\u00f3lito se permiti\u00f3 volver a casa para someterse a la cirug\u00eda que retir\u00f3 el 90 % de su intestino grueso.<\/p>\n<p class=\"canvas-atom canvas-text Mb(1.0em) Mb(0)--sm Mt(0.8em)--sm\">Entonces, el tratamiento que a\u00fan recib\u00eda retras\u00f3 su preparaci\u00f3n para el acontecimiento m\u00e1s importante de su vida, los Juegos Paral\u00edmpicos de Rio de Janeiro en 2016.<\/p>\n<p class=\"canvas-atom canvas-text Mb(1.0em) Mb(0)--sm Mt(0.8em)--sm\">Al rememorar esta gran cita en la que se hizo con una plata en los 100 metros y un bronce en los 400, la deportista explic\u00f3 que es &#8220;su favorita&#8221;: &#8220;Pasamos cuatro a\u00f1os luchando por un s\u00f3lo d\u00eda y, de ese d\u00eda, por unos segundos. Es una locura&#8221;, explic\u00f3.<\/p>\n<p class=\"canvas-atom canvas-text Mb(1.0em) Mb(0)--sm Mt(0.8em)--sm\">En 2017 los m\u00e9dicos comprobaron que el tumor de su cerebro no hab\u00eda desaparecido con los medicamentos, por lo que volvi\u00f3 a entrar en el quir\u00f3fano. En 2018 encontraron un resquicio que necesit\u00f3 de otra operaci\u00f3n, por lo que estuvo dos a\u00f1os pr\u00e1cticamente sin entrenar.<\/p>\n<p class=\"canvas-atom canvas-text Mb(1.0em) Mb(0)--sm Mt(0.8em)--sm\">Ahora, la atleta ha vuelto a las pistas del Centro Paral\u00edmpico Brasile\u00f1o en Sao Paulo, donde se entrena pr\u00e1cticamente todos los d\u00edas una media de cinco horas y desde cuya pista reivindica la inclusi\u00f3n de las personas con deficiencia.<\/p>\n<p class=\"canvas-atom canvas-text Mb(1.0em) Mb(0)--sm Mt(0.8em)--sm\">&#8220;No existe inclusi\u00f3n hoy, no hay&#8221;, afirm\u00f3, tajante: &#8220;Ayudar a una persona en sillas de ruedas a subir una escalera no es inclusi\u00f3n; inclusi\u00f3n es que consiga hacerlo sola porque tiene una rampa&#8221;, aclar\u00f3.<\/p>\n<div class=\"Ov(h) Trs($transition-readmore) Mah(999999px)\">\n<p class=\"canvas-atom canvas-text Mb(1.0em) Mb(0)--sm Mt(0.8em)--sm\">La deportista se pregunt\u00f3 ret\u00f3ricamente c\u00f3mo es posible que en los Juegos Paral\u00edmpicos los deportistas consigan marcas &#8220;igual de buenas o mejores&#8221; que en los ol\u00edmpicos, y estos mismos &#8220;s\u00faper h\u00e9roes&#8221; no consigan cruzar la calle solos porque no hay sem\u00e1foros sonoros en muchos lugares.<\/p>\n<p class=\"canvas-atom canvas-text Mb(1.0em) Mb(0)--sm Mt(0.8em)--sm\">&#8220;Yo muchas veces lo pienso: si no fuera por mi madre y mi padre que siempre me dijeron que deb\u00eda dar lo m\u00e1ximo y no dejar que los dem\u00e1s me pusiesen l\u00edmites, yo ahora estar\u00eda en una cama para que me dieran de comer y no habr\u00eda sido campeona mundial&#8221;.<\/p>\n<\/div>\n","protected":false},"excerpt":{"rendered":"<p>la medallista paral\u00edmpica Ver\u00f3nica Hip\u00f3lito es de fondo y con obst\u00e1culos: con m\u00e1s de 200 tumores retirados en cuatro cirug\u00edas y las secuelas de un derrame cerebral a sus espaldas, la joven de 22 a\u00f1os volver\u00e1 ahora a competir para agrandar su leyenda.<\/p>\n","protected":false},"author":16,"featured_media":49668,"comment_status":"closed","ping_status":"closed","sticky":false,"template":"","format":"standard","meta":[],"categories":[2,60],"tags":[],"acf":[],"_links":{"self":[{"href":"https:\/\/colimdo.org\/wp-api\/wp\/v2\/posts\/49667"}],"collection":[{"href":"https:\/\/colimdo.org\/wp-api\/wp\/v2\/posts"}],"about":[{"href":"https:\/\/colimdo.org\/wp-api\/wp\/v2\/types\/post"}],"author":[{"embeddable":true,"href":"https:\/\/colimdo.org\/wp-api\/wp\/v2\/users\/16"}],"replies":[{"embeddable":true,"href":"https:\/\/colimdo.org\/wp-api\/wp\/v2\/comments?post=49667"}],"version-history":[{"count":2,"href":"https:\/\/colimdo.org\/wp-api\/wp\/v2\/posts\/49667\/revisions"}],"predecessor-version":[{"id":49670,"href":"https:\/\/colimdo.org\/wp-api\/wp\/v2\/posts\/49667\/revisions\/49670"}],"wp:featuredmedia":[{"embeddable":true,"href":"https:\/\/colimdo.org\/wp-api\/wp\/v2\/media\/49668"}],"wp:attachment":[{"href":"https:\/\/colimdo.org\/wp-api\/wp\/v2\/media?parent=49667"}],"wp:term":[{"taxonomy":"category","embeddable":true,"href":"https:\/\/colimdo.org\/wp-api\/wp\/v2\/categories?post=49667"},{"taxonomy":"post_tag","embeddable":true,"href":"https:\/\/colimdo.org\/wp-api\/wp\/v2\/tags?post=49667"}],"curies":[{"name":"wp","href":"https:\/\/api.w.org\/{rel}","templated":true}]}}