{"id":49675,"date":"2019-03-05T16:02:32","date_gmt":"2019-03-05T16:02:32","guid":{"rendered":"https:\/\/colimdo.org\/?p=49675"},"modified":"2019-03-05T16:02:32","modified_gmt":"2019-03-05T16:02:32","slug":"presidente-del-cod-recibe-representantes-la-federacion-internacional-sambo","status":"publish","type":"post","link":"https:\/\/colimdo.org\/noticias\/presidente-del-cod-recibe-representantes-la-federacion-internacional-sambo\/","title":{"rendered":"Presidente del COD recibe representantes de la Federaci\u00f3n Internacional Sambo"},"content":{"rendered":"<p>El presidente del Comit\u00e9 Ol\u00edmpico Dominicano (COD) y recibi\u00f3 este lunes una representaci\u00f3n de la Federaci\u00f3n Internacional de Sambo (FIAS) que se encuentra en el pa\u00eds para los preparativos del Campeonato Panamericano de ese deporte a celebrarse en junio pr\u00f3ximo en el pabell\u00f3n de Balonmano del Parque del Este.<\/p>\n<p>La comisi\u00f3n la encabezan los rusos Sergey Tabakov, director ejecutivo de la FIAS y Oleg Artemyuk, especialista de Relaciones de las Federaciones Panamericanas, acompa\u00f1ado de Eliseo Romero, presidente de la Federaci\u00f3n Dominicana de Sambo.<\/p>\n<p>Los ejecutivos de la FIAS ofrecieron detalles a Mej\u00eda, sobre lo que ser\u00e1 el Campeonato Panamericano a efectuarse del 26 de junio al primero de julio de este a\u00f1o.<\/p>\n<p>\u201cEl Sambo se ha venido desarrollando de forma exitosa en todo el mundo y los dominicanos forman parte de este crecimiento\u201d, dijeron los representantes al presidente del COD.<\/p>\n<p>Asimismo, Romero explic\u00f3 que se trabaja sin desmayo para asegurar montar un evento con todos los requisitos y para ello tienen el aval de la Federaci\u00f3n Internacional.<\/p>\n<p>Dijo que el pa\u00eds obtuvo la sede de montar este evento, al conquistar el a\u00f1o pasado en M\u00e9xico, el Panamericano de Sambo, en donde los peleadores dominicanos lograron 23 medallas, diez de las cuales fueron de oro.<\/p>\n<p>Le detall\u00f3 a Mej\u00eda lo que ha hecho el Sambo desde el a\u00f1o 2013 cuando se fund\u00f3 la Federaci\u00f3n que en la actualidad cuenta con diez asociaciones y tiene seis en proceso.<\/p>\n<p>De su lado, el presidente del COD ofreci\u00f3 su ayuda para contribuir con el \u00e9xito del Campeonato Panamericano.<\/p>\n<p>\u201cEnv\u00edenme todo lo concerniente a este evento y cuenten con nosotros en cuanto\u00a0podamos\u201d, dijo Mej\u00eda, luego de conocer la labor que realiza el sambo en el pa\u00eds.<\/p>\n<p>Este martes, los ejecutivos de la FIAS se reunir\u00e1n con atletas de esa disciplina en San Crist\u00f3bal, quienes har\u00e1n una exhibici\u00f3n. Durante el encuentro que comenzar\u00e1 a las 9:30 de la ma\u00f1ana en el polideportivo de San Crist\u00f3bal, Artemyuk y Tabakov tendr\u00e1n una reuni\u00f3n con los deportistas.<\/p>\n<p>&nbsp;<\/p>\n<p style=\"text-align: center;\">El Nuevo Diario<\/p>\n","protected":false},"excerpt":{"rendered":"<p>La comisi\u00f3n la encabezan los rusos Sergey Tabakov, director ejecutivo de la FIAS y Oleg Artemyuk, especialista de Relaciones de las Federaciones Panamericanas, acompa\u00f1ado de Eliseo Romero, presidente de la Federaci\u00f3n Dominicana de Sambo.<\/p>\n","protected":false},"author":16,"featured_media":49676,"comment_status":"closed","ping_status":"closed","sticky":false,"template":"","format":"standard","meta":[],"categories":[2,60],"tags":[],"acf":[],"_links":{"self":[{"href":"https:\/\/colimdo.org\/wp-api\/wp\/v2\/posts\/49675"}],"collection":[{"href":"https:\/\/colimdo.org\/wp-api\/wp\/v2\/posts"}],"about":[{"href":"https:\/\/colimdo.org\/wp-api\/wp\/v2\/types\/post"}],"author":[{"embeddable":true,"href":"https:\/\/colimdo.org\/wp-api\/wp\/v2\/users\/16"}],"replies":[{"embeddable":true,"href":"https:\/\/colimdo.org\/wp-api\/wp\/v2\/comments?post=49675"}],"version-history":[{"count":1,"href":"https:\/\/colimdo.org\/wp-api\/wp\/v2\/posts\/49675\/revisions"}],"predecessor-version":[{"id":49677,"href":"https:\/\/colimdo.org\/wp-api\/wp\/v2\/posts\/49675\/revisions\/49677"}],"wp:featuredmedia":[{"embeddable":true,"href":"https:\/\/colimdo.org\/wp-api\/wp\/v2\/media\/49676"}],"wp:attachment":[{"href":"https:\/\/colimdo.org\/wp-api\/wp\/v2\/media?parent=49675"}],"wp:term":[{"taxonomy":"category","embeddable":true,"href":"https:\/\/colimdo.org\/wp-api\/wp\/v2\/categories?post=49675"},{"taxonomy":"post_tag","embeddable":true,"href":"https:\/\/colimdo.org\/wp-api\/wp\/v2\/tags?post=49675"}],"curies":[{"name":"wp","href":"https:\/\/api.w.org\/{rel}","templated":true}]}}