{"id":49715,"date":"2019-03-06T14:18:08","date_gmt":"2019-03-06T14:18:08","guid":{"rendered":"https:\/\/colimdo.org\/?p=49715"},"modified":"2019-03-06T14:18:08","modified_gmt":"2019-03-06T14:18:08","slug":"andy-murray-asegura-quiere-seguir-jugando","status":"publish","type":"post","link":"https:\/\/colimdo.org\/noticias\/andy-murray-asegura-quiere-seguir-jugando\/","title":{"rendered":"Andy Murray asegura que quiere seguir jugando"},"content":{"rendered":"<p>EFE. Andy Murray asegur\u00f3 que quiere seguir jugando, porque ya no siente dolor en la cadera, pero que no sabe si ser\u00e1 posible.<\/p>\n<p>En una presentaci\u00f3n celebrada en el club londinense de tenis de Queen&#8217;s, el escoc\u00e9s afirm\u00f3 que esta m\u00e1s feliz que hace doce meses porque est\u00e1 mejor de su dolencia: &#8220;Quiero seguir jugando, ya lo dije en Australia. El problema es que no s\u00e9 si ser\u00e1 posible&#8221;, se\u00f1al\u00f3 Murray.<\/p>\n<p>&#8220;La rehabilitaci\u00f3n va lenta, pero est\u00e1 yendo bastante bien. Solo tengo que esperar y ver c\u00f3mo progresan las cosas. Si es posible, me encantar\u00eda volver a competir&#8221;, agreg\u00f3.<\/p>\n<p>Murray anunci\u00f3 en una conferencia de prensa previa al comienzo del Abierto de Australia que su plan era retirarse esta temporada, a poder ser en Wimbledon, debido a los padecimientos de cadera que le han atormentado durante cerca de dos a\u00f1os.<\/p>\n<p>A finales de enero se volvi\u00f3 a operar de esa lesi\u00f3n, dejando en duda un posible regreso a las pistas, despu\u00e9s de que cayera en primera ronda del primer Grand Slam del a\u00f1o.<\/p>\n","protected":false},"excerpt":{"rendered":"<p>En una presentaci\u00f3n celebrada en el club londinense de tenis de Queen&#8217;s, el escoc\u00e9s afirm\u00f3 que esta m\u00e1s feliz que hace doce meses porque est\u00e1 mejor de su dolencia: &#8220;Quiero seguir jugando, ya lo dije en Australia. El problema es que no s\u00e9 si ser\u00e1 posible&#8221;, se\u00f1al\u00f3 Murray.<\/p>\n","protected":false},"author":16,"featured_media":49716,"comment_status":"closed","ping_status":"closed","sticky":false,"template":"","format":"standard","meta":[],"categories":[2,60],"tags":[],"acf":[],"_links":{"self":[{"href":"https:\/\/colimdo.org\/wp-api\/wp\/v2\/posts\/49715"}],"collection":[{"href":"https:\/\/colimdo.org\/wp-api\/wp\/v2\/posts"}],"about":[{"href":"https:\/\/colimdo.org\/wp-api\/wp\/v2\/types\/post"}],"author":[{"embeddable":true,"href":"https:\/\/colimdo.org\/wp-api\/wp\/v2\/users\/16"}],"replies":[{"embeddable":true,"href":"https:\/\/colimdo.org\/wp-api\/wp\/v2\/comments?post=49715"}],"version-history":[{"count":1,"href":"https:\/\/colimdo.org\/wp-api\/wp\/v2\/posts\/49715\/revisions"}],"predecessor-version":[{"id":49717,"href":"https:\/\/colimdo.org\/wp-api\/wp\/v2\/posts\/49715\/revisions\/49717"}],"wp:featuredmedia":[{"embeddable":true,"href":"https:\/\/colimdo.org\/wp-api\/wp\/v2\/media\/49716"}],"wp:attachment":[{"href":"https:\/\/colimdo.org\/wp-api\/wp\/v2\/media?parent=49715"}],"wp:term":[{"taxonomy":"category","embeddable":true,"href":"https:\/\/colimdo.org\/wp-api\/wp\/v2\/categories?post=49715"},{"taxonomy":"post_tag","embeddable":true,"href":"https:\/\/colimdo.org\/wp-api\/wp\/v2\/tags?post=49715"}],"curies":[{"name":"wp","href":"https:\/\/api.w.org\/{rel}","templated":true}]}}