{"id":49745,"date":"2019-03-06T20:47:35","date_gmt":"2019-03-06T20:47:35","guid":{"rendered":"https:\/\/colimdo.org\/?p=49745"},"modified":"2019-03-06T20:47:35","modified_gmt":"2019-03-06T20:47:35","slug":"rd-buscara-desde-este-jueves-asegurar-seis-plazas-panamericanos-lima","status":"publish","type":"post","link":"https:\/\/colimdo.org\/noticias\/rd-buscara-desde-este-jueves-asegurar-seis-plazas-panamericanos-lima\/","title":{"rendered":"RD buscar\u00e1 desde este jueves asegurar seis plazas para Panamericanos de Lima"},"content":{"rendered":"<p class=\"x_MsoNormal\">\n<p class=\"x_MsoNormal\"><b>SANTO DOMINGO.\u00a0<\/b>Con la meta de asegurar por lo menos seis plazas para los Juegos Panamericanos de Lima 2019, la Rep\u00fablica Dominicana inicia este jueves su participaci\u00f3n en el Clasificatorio de Taekwondo, cuya apertura est\u00e1 previsto para las once de la ma\u00f1ana en el Palacio de Voleibol del Centro Ol\u00edmpico Juan Pablo Duarte.<\/p>\n<p class=\"x_MsoNormal\">Miguel Camacho, entrenador del plantel nacional, record\u00f3 que en la edici\u00f3n anterior de los Panamericanos Toronto 2015, la Rep\u00fablica Dominicana particip\u00f3 con seis atletas y que en esta ocasi\u00f3n la aspiraci\u00f3n es la de igualar el n\u00famero de cupos para Lima.<\/p>\n<p class=\"x_MsoNormal\">Rep\u00fablica Dominicana competir\u00e1 con 15 atletas en el clasificatorio, distribuidos en las tres modalidades que contempla el evento continental: combate, pomsae y para panamericano.<\/p>\n<p class=\"x_MsoNormal\">Competidores de cerca de 40 pa\u00edses se estar\u00e1n disputando desde este jueves 188 plazas para los Panamericanos de Lima.<\/p>\n<p class=\"x_MsoNormal\"><b>Acto de apertura<\/b><\/p>\n<p class=\"x_MsoNormal\">Aunque el acto de apertura oficial est\u00e1 programado para las once de la ma\u00f1ana de este jueves, las competencias iniciar\u00e1n de las 8:00 AM, debido al elevado n\u00famero de atletas participantes.<\/p>\n<p class=\"x_MsoNormal\">Conforme al programa proporcionado por la direcci\u00f3n de prensa del evento, el acto de apertura iniciar\u00e1 con el desfile de las delegaciones participantes, seguido por la interpretaci\u00f3n del himno de la Rep\u00fablica Dominicana.<\/p>\n<p class=\"x_MsoNormal\">Hablar\u00e1n el presidente de la Federaci\u00f3n Dominicana de Taekwondo, Francisco Camacho; el presidente del Comit\u00e9 Ol\u00edmpico Dominicano, Luis\u00edn Mej\u00eda; el ministro de Deportes, Danilo D\u00edaz, quien, adem\u00e1s, es el presidente del Comit\u00e9 Organizador y el presidente de la Uni\u00f3n Panamericana de Taekwondo, Hi Jo Choi.\u00a0 En el marco del acto de apertura se entregar\u00e1 una placa de reconocimiento al veterano periodista Leo Corpor\u00e1n, a quien est\u00e1 dedicado el evento continental.<\/p>\n<p class=\"x_MsoNormal\"><b>Medallistas ol\u00edmpicos y mundiales<\/b><\/p>\n<p class=\"x_MsoNormal\">Medallistas ol\u00edmpicos y mundiales como la mexicana Mar\u00eda Espinosa, el cubano Julio Caba y el estadounidense Paige McPherson forman parte del pelot\u00f3n de atletas que competir\u00e1 en el Clasificatorio de Taekwondo para los Juegos Panamericanos de Lima 2019 y el Abierto G-1, que aportar\u00e1 puntos para r\u00e1nking mundial.<\/p>\n<p class=\"x_MsoNormal\">El clasificatorio y el Abierto G-1 \u00a0se desarrollar\u00e1n en el Palacio de Voleibol del Centro Ol\u00edmpico Juan Pablo Duarte, dedicados al editor deportivo del peri\u00f3dico El Nacional, Leo Corpor\u00e1n, bajo la responsabilidad de un comit\u00e9 organizador presidido por el ministro de Deportes, Danilo D\u00edaz, y la organizaci\u00f3n general de la Federaci\u00f3n Dominicana de Taekwondo.<\/p>\n<p class=\"x_MsoNormal\">Espinosa gan\u00f3 el oro en los Juegos Ol\u00edmpicos de Beijing 2008; bronce en la cita de Londres 2012 y en las Olimp\u00edadas de R\u00edo de Janeiro 2016 conquist\u00f3 medalla de plata en su peso de los +67 kilogramos.<\/p>\n<p class=\"x_MsoNormal\">En los Juegos Panamericanos de 2007 (R\u00edo de Janeiro) y 2015 (Toronto), la azteca tambi\u00e9n se llev\u00f3 la medalla de oro; al igual que en el Mundial 2007 de la disciplina celebrado en la capital china.<\/p>\n<p class=\"x_MsoNormal\">El cubano Caba se llev\u00f3 el oro en Toronto 2015, mientras que su compatriota, Rafal Alba, gan\u00f3 la presea dorada en el Mundial de Taekwondo que se disput\u00f3 en Puebla, M\u00e9xico, en 2013.<\/p>\n<p class=\"x_MsoNormal\">De su lado, el estadounidense McPherson se alz\u00f3 con la medalla de bronce en los Juegos Ol\u00edmpicos de R\u00edo de Janeiro 2016.<\/p>\n<p class=\"x_MsoNormal\">En el Abierto G-1 tambi\u00e9n competir\u00e1 el dominicano Luisito Pie, medallista de bronce en R\u00edo, el \u00fanico atleta local que subi\u00f3 al podio en esa competici\u00f3n.<\/p>\n<p class=\"x_MsoNormal\">Otros competidores de alto nivel que estar\u00e1n en Santo Domingo son el mexicano Carlos Navarro, oro en el Mundial J\u00fanior de Tijuana (M\u00e9xico) en 2010 y oro tambi\u00e9n en los Panamericanos de Toronto 2015, as\u00ed como sus compatriotas C\u00e9sar Rodr\u00edguez, oro en el Mundial J\u00fanio de Tijuana, as\u00ed como Dami\u00e1n Vila, quien obtuvo plata en el Mundial de Copenhague (Dinamarca) en 2009.<\/p>\n<p class=\"x_MsoNormal\"><b>Selecci\u00f3n de RD<\/b><\/p>\n<p class=\"x_MsoNormal\">El seleccionado de combate que representar\u00e1 al pa\u00eds en el certamen lo componen: Edward Espinosa (-54 kilogramos), Bernardo Pie (-68), Mois\u00e9s Hern\u00e1ndez (-80) y Fraily Mora (+80) en el equipo masculino, mientras en el femenino estar\u00e1n,\u00a0\u00a0Franny Pe\u00f1a (-49), G\u00e9nesis And\u00fajar (-54), Madelin Rodr\u00edguez (-67) y Katherine Rodr\u00edguez (+67).<\/p>\n<p>En la modalidad de poomsae, que estar\u00e1 haciendo su debut en los Juegos Panamericanos de Lima,\u00a0 lo conforman los atletas Omarlyn Ru\u00edz, Junior Trinidad, Sebasti\u00e1n Mer\u00e1n y Ana Patricia Pe\u00f1a.<\/p>\n<p>El equipo dominicano tambi\u00e9n tendr\u00e1 presencia \u00a0en la modalidad de para-taekwondo, con los atletas paral\u00edmpicos Gerardo Castro Encarnaci\u00f3n y Elizabeth Geraldo Figuerea.<\/p>\n<p class=\"x_MsoNormal\">\n","protected":false},"excerpt":{"rendered":"<p>Clasificatorio de Taekwondo inicia este jueves con atletas de 40 pa\u00edses. el evento tiene una especial dedicatoria al cronista deportivo Leo Corpor\u00e1n.<\/p>\n","protected":false},"author":16,"featured_media":49746,"comment_status":"closed","ping_status":"closed","sticky":false,"template":"","format":"standard","meta":[],"categories":[2,60],"tags":[],"acf":[],"_links":{"self":[{"href":"https:\/\/colimdo.org\/wp-api\/wp\/v2\/posts\/49745"}],"collection":[{"href":"https:\/\/colimdo.org\/wp-api\/wp\/v2\/posts"}],"about":[{"href":"https:\/\/colimdo.org\/wp-api\/wp\/v2\/types\/post"}],"author":[{"embeddable":true,"href":"https:\/\/colimdo.org\/wp-api\/wp\/v2\/users\/16"}],"replies":[{"embeddable":true,"href":"https:\/\/colimdo.org\/wp-api\/wp\/v2\/comments?post=49745"}],"version-history":[{"count":1,"href":"https:\/\/colimdo.org\/wp-api\/wp\/v2\/posts\/49745\/revisions"}],"predecessor-version":[{"id":49747,"href":"https:\/\/colimdo.org\/wp-api\/wp\/v2\/posts\/49745\/revisions\/49747"}],"wp:featuredmedia":[{"embeddable":true,"href":"https:\/\/colimdo.org\/wp-api\/wp\/v2\/media\/49746"}],"wp:attachment":[{"href":"https:\/\/colimdo.org\/wp-api\/wp\/v2\/media?parent=49745"}],"wp:term":[{"taxonomy":"category","embeddable":true,"href":"https:\/\/colimdo.org\/wp-api\/wp\/v2\/categories?post=49745"},{"taxonomy":"post_tag","embeddable":true,"href":"https:\/\/colimdo.org\/wp-api\/wp\/v2\/tags?post=49745"}],"curies":[{"name":"wp","href":"https:\/\/api.w.org\/{rel}","templated":true}]}}