{"id":49760,"date":"2019-03-07T04:15:23","date_gmt":"2019-03-07T04:15:23","guid":{"rendered":"https:\/\/colimdo.org\/?p=49760"},"modified":"2019-03-07T04:15:23","modified_gmt":"2019-03-07T04:15:23","slug":"federacion-dominicana-triatlon-recibe-entrenadora-cubana","status":"publish","type":"post","link":"https:\/\/colimdo.org\/noticias\/federacion-dominicana-triatlon-recibe-entrenadora-cubana\/","title":{"rendered":"Federaci\u00f3n Dominicana de Triatl\u00f3n recibe entrenadora cubana"},"content":{"rendered":"<p style=\"font-weight: 400;\">La Federaci\u00f3n Dominicana de Triatl\u00f3n recibi\u00f3 ayer a la entrenadora cubana Licet Alejandra P\u00e9rez Le\u00f3n, por disposici\u00f3n del Ministerio de Deportes.<\/p>\n<p style=\"font-weight: 400;\">As\u00ed lo anunci\u00f3 ayer el presidente de la Federaci\u00f3n Dominicana de Triatl\u00f3n, profesor Franklin de la Cruz.<\/p>\n<p style=\"font-weight: 400;\">&#8220;En los \u00faltimos tiempos hemos recibido un grupo de entrenadores y t\u00e9cnicos cubanos, en busca de mejorar la calidad de nuestro deporte en el pa\u00eds&#8221;, apunt\u00f3 de la Cruz.<\/p>\n<p style=\"font-weight: 400;\">En ese sentido, dijo que la integraci\u00f3n de la nueva preparadora cubana, viene a completar el equipo que buscar\u00e1 colocarnos entre los mejores del continente.<\/p>\n","protected":false},"excerpt":{"rendered":"<p>La Federaci\u00f3n Dominicana de Triatl\u00f3n recibi\u00f3 ayer a la entrenadora cubana Licet Alejandra P\u00e9rez Le\u00f3n, por disposici\u00f3n del Ministerio de Deportes. As\u00ed lo anunci\u00f3 ayer el presidente de la Federaci\u00f3n Dominicana de Triatl\u00f3n, profesor Franklin de la Cruz. &#8220;En los \u00faltimos tiempos hemos recibido un grupo de entrenadores y t\u00e9cnicos cubanos, en busca de mejorar [&hellip;]<\/p>\n","protected":false},"author":9,"featured_media":49762,"comment_status":"closed","ping_status":"closed","sticky":false,"template":"","format":"standard","meta":[],"categories":[3,2,60],"tags":[],"acf":[],"_links":{"self":[{"href":"https:\/\/colimdo.org\/wp-api\/wp\/v2\/posts\/49760"}],"collection":[{"href":"https:\/\/colimdo.org\/wp-api\/wp\/v2\/posts"}],"about":[{"href":"https:\/\/colimdo.org\/wp-api\/wp\/v2\/types\/post"}],"author":[{"embeddable":true,"href":"https:\/\/colimdo.org\/wp-api\/wp\/v2\/users\/9"}],"replies":[{"embeddable":true,"href":"https:\/\/colimdo.org\/wp-api\/wp\/v2\/comments?post=49760"}],"version-history":[{"count":1,"href":"https:\/\/colimdo.org\/wp-api\/wp\/v2\/posts\/49760\/revisions"}],"predecessor-version":[{"id":49763,"href":"https:\/\/colimdo.org\/wp-api\/wp\/v2\/posts\/49760\/revisions\/49763"}],"wp:featuredmedia":[{"embeddable":true,"href":"https:\/\/colimdo.org\/wp-api\/wp\/v2\/media\/49762"}],"wp:attachment":[{"href":"https:\/\/colimdo.org\/wp-api\/wp\/v2\/media?parent=49760"}],"wp:term":[{"taxonomy":"category","embeddable":true,"href":"https:\/\/colimdo.org\/wp-api\/wp\/v2\/categories?post=49760"},{"taxonomy":"post_tag","embeddable":true,"href":"https:\/\/colimdo.org\/wp-api\/wp\/v2\/tags?post=49760"}],"curies":[{"name":"wp","href":"https:\/\/api.w.org\/{rel}","templated":true}]}}