{"id":49770,"date":"2019-03-07T13:30:00","date_gmt":"2019-03-07T13:30:00","guid":{"rendered":"https:\/\/colimdo.org\/?p=49770"},"modified":"2019-03-07T13:31:51","modified_gmt":"2019-03-07T13:31:51","slug":"rafael-nadal-pesar-los-problemas-he-competitivo","status":"publish","type":"post","link":"https:\/\/colimdo.org\/noticias\/rafael-nadal-pesar-los-problemas-he-competitivo\/","title":{"rendered":"Rafael Nadal: &#8220;A pesar de los problemas he sido competitivo&#8221;"},"content":{"rendered":"<p class=\"canvas-atom canvas-text Mb(1.0em) Mb(0)--sm Mt(0.8em)--sm\">Madrid, 7 mar (EFE).- El tenista espa\u00f1ol Rafael Nadal, ganador de 17 torneos de Grand Slam, afronta Indian Wells satisfecho, porque pese a tener &#8220;muchos problemas en el \u00faltimo a\u00f1o y medio&#8221;, ha seguido &#8220;peleando por los torneos m\u00e1s importantes&#8221;.<\/p>\n<p class=\"canvas-atom canvas-text Mb(1.0em) Mb(0)--sm Mt(0.8em)--sm\">Nadal, que recientemente sufri\u00f3 una eliminaci\u00f3n prematura en Acapulco frente al australiano Nick Kyrgios, coment\u00f3 a la web de la ATP que le &#8220;habr\u00eda encantado ganar el Abierto de Australia y el de M\u00e9xico&#8221;, pero que &#8220;no deber\u00eda estar triste despu\u00e9s de las lesiones de los \u00faltimos cuatro o cinco meses&#8221;.<\/p>\n<p class=\"canvas-atom canvas-text Mb(1.0em) Mb(0)--sm Mt(0.8em)--sm\">Su pr\u00f3ximo objetivo es Indian Wells, un torneo &#8220;ya solo importante por el nombre y la imagen que tiene&#8221; y del que le encanta &#8220;la afici\u00f3n y la organizaci\u00f3n que hay&#8221;, calificada por el espa\u00f1ol como &#8220;una de las mejores&#8221;.<\/p>\n<p class=\"canvas-atom canvas-text Mb(1.0em) Mb(0)--sm Mt(0.8em)--sm\">El actual n\u00famero dos del ranking de la ATP, Rafael Nadal, ha ganado tres veces en las pistas californianas, en 2007, 2009 y 2013, adem\u00e1s fue subcampe\u00f3n en 2011, por lo que afronta este Masters 1000 con el objetivo de repetir los \u00e9xitos pasados.<\/p>\n<p class=\"canvas-atom canvas-text Mb(1.0em) Mb(0)--sm Mt(0.8em)--sm\">Para el manacor\u00ed, &#8220;llega una parte de la temporada muy importante&#8221;, en la cual ser\u00e1 b\u00e1sico &#8220;mantener la fortaleza mental&#8221; y &#8220;sentirse competitivo y preparado para darlo todo&#8221; en las pistas.<\/p>\n","protected":false},"excerpt":{"rendered":"<p>Nadal, que recientemente sufri\u00f3 una eliminaci\u00f3n prematura en Acapulco frente al australiano Nick Kyrgios, coment\u00f3 a la web de la ATP que le &#8220;habr\u00eda encantado ganar el Abierto de Australia y el de M\u00e9xico&#8221;, pero que &#8220;no deber\u00eda estar triste despu\u00e9s de las lesiones de los \u00faltimos cuatro o cinco meses&#8221;.<\/p>\n","protected":false},"author":16,"featured_media":49772,"comment_status":"closed","ping_status":"closed","sticky":false,"template":"","format":"standard","meta":[],"categories":[2,60],"tags":[],"acf":[],"_links":{"self":[{"href":"https:\/\/colimdo.org\/wp-api\/wp\/v2\/posts\/49770"}],"collection":[{"href":"https:\/\/colimdo.org\/wp-api\/wp\/v2\/posts"}],"about":[{"href":"https:\/\/colimdo.org\/wp-api\/wp\/v2\/types\/post"}],"author":[{"embeddable":true,"href":"https:\/\/colimdo.org\/wp-api\/wp\/v2\/users\/16"}],"replies":[{"embeddable":true,"href":"https:\/\/colimdo.org\/wp-api\/wp\/v2\/comments?post=49770"}],"version-history":[{"count":1,"href":"https:\/\/colimdo.org\/wp-api\/wp\/v2\/posts\/49770\/revisions"}],"predecessor-version":[{"id":49771,"href":"https:\/\/colimdo.org\/wp-api\/wp\/v2\/posts\/49770\/revisions\/49771"}],"wp:featuredmedia":[{"embeddable":true,"href":"https:\/\/colimdo.org\/wp-api\/wp\/v2\/media\/49772"}],"wp:attachment":[{"href":"https:\/\/colimdo.org\/wp-api\/wp\/v2\/media?parent=49770"}],"wp:term":[{"taxonomy":"category","embeddable":true,"href":"https:\/\/colimdo.org\/wp-api\/wp\/v2\/categories?post=49770"},{"taxonomy":"post_tag","embeddable":true,"href":"https:\/\/colimdo.org\/wp-api\/wp\/v2\/tags?post=49770"}],"curies":[{"name":"wp","href":"https:\/\/api.w.org\/{rel}","templated":true}]}}