{"id":49784,"date":"2019-03-07T22:15:13","date_gmt":"2019-03-07T22:15:13","guid":{"rendered":"https:\/\/colimdo.org\/?p=49784"},"modified":"2019-03-07T22:15:20","modified_gmt":"2019-03-07T22:15:20","slug":"atletismo-sale-este-viernes-clasificacion-panam-lima-cuba","status":"publish","type":"post","link":"https:\/\/colimdo.org\/noticias\/atletismo-sale-este-viernes-clasificacion-panam-lima-cuba\/","title":{"rendered":"Atletismo sale este viernes por clasificaci\u00f3n Panam Lima en Cuba"},"content":{"rendered":"<p><strong>HABANA, CUBA.<\/strong>\u00a0 Un nutrido grupo de atletas de la Selecci\u00f3n Nacional de Atletismo se encuentra en esta ciudad para participar\u00a0\u00a0desde este viernes ocho hasta el domingo 10, en la tradicional Copa Cuba, donde estar\u00e1n buscando sus marcas clasificatorias para los venideros Juegos Panamericanos que se montaran en julio venidero en Lima, Per\u00fa.<\/p>\n<p>La afirmaci\u00f3n la hizo ayer el licenciado Gerardo Suero Correa, presidente de la Federaci\u00f3n Dominicana de Asociaciones de Atletismo, quien despidi\u00f3 a la delegaci\u00f3n de atletas.<\/p>\n<p>Correa afirmo que tambi\u00e9n estar\u00e1n participando los Atletas dominicanos en las categor\u00edas U-18, U-20 y U-23 que estar\u00e1n haciendo sus marcas para esos eventos Panamericanos que se celebraran en Quer\u00e9taro, M\u00e9xico y en El Salvador.<\/p>\n<p>\u201cEl Ministro de Deportes, licenciado Danilo D\u00edaz, nos ha brindado un gran apoyo para que nuestras cuatro delegaciones est\u00e9n hoy en la Copa Cuba, algo que agradecemos p\u00fablicamente\u201d, dijo.<\/p>\n<p>Afirmo que los dominicanos competir\u00e1n en los 100, 200, 400 metros y 400 metros con vallas, salto largo, salto triple, 100 vallas, los relevos 4X400, as\u00ed como impulso de la Bala.<\/p>\n<p>Sostuvo que est\u00e1 muy optimista con la labor que har\u00e1n los atletas, ya que tuvieron una buena preparaci\u00f3n t\u00e9cnica a cargo de los entrenadores Emilio Ovalle y Cesar Delgado.<\/p>\n<p>Los atletas<\/p>\n<p>Entre los atletas que se encuentran en Cuba est\u00e1n Andito Chalas, Luis Charles, Estrella de Aza, Leonel Bonon, Melbin Marcelino,\u00a0\u00a0Ana Jos\u00e9 Tima, Milagros Duran, Jhonatan Garc\u00eda, Lidio Feliz y Jos\u00e9 Gonz\u00e1lez.<\/p>\n<p>Igualmente, Juandel Bueno, Brailin Santana, Maria Matos y Kendry Diaz, Anabel Medina, Marianny Otano, Martha M\u00e9ndez, Rosa Santana, Fior Alvarez, Scarlet Reyes, y Kiara Rodriguez, entre otros.<\/p>\n","protected":false},"excerpt":{"rendered":"<p>El clasificatorio que dar\u00e1 boletos para los Juegos Panamericanos de Lima, Per\u00fa se celebrar\u00e1 hasta el domingo en la Habana en la Copa Cuba.<\/p>\n","protected":false},"author":13,"featured_media":49785,"comment_status":"closed","ping_status":"closed","sticky":false,"template":"","format":"standard","meta":[],"categories":[2],"tags":[],"acf":[],"_links":{"self":[{"href":"https:\/\/colimdo.org\/wp-api\/wp\/v2\/posts\/49784"}],"collection":[{"href":"https:\/\/colimdo.org\/wp-api\/wp\/v2\/posts"}],"about":[{"href":"https:\/\/colimdo.org\/wp-api\/wp\/v2\/types\/post"}],"author":[{"embeddable":true,"href":"https:\/\/colimdo.org\/wp-api\/wp\/v2\/users\/13"}],"replies":[{"embeddable":true,"href":"https:\/\/colimdo.org\/wp-api\/wp\/v2\/comments?post=49784"}],"version-history":[{"count":1,"href":"https:\/\/colimdo.org\/wp-api\/wp\/v2\/posts\/49784\/revisions"}],"predecessor-version":[{"id":49786,"href":"https:\/\/colimdo.org\/wp-api\/wp\/v2\/posts\/49784\/revisions\/49786"}],"wp:featuredmedia":[{"embeddable":true,"href":"https:\/\/colimdo.org\/wp-api\/wp\/v2\/media\/49785"}],"wp:attachment":[{"href":"https:\/\/colimdo.org\/wp-api\/wp\/v2\/media?parent=49784"}],"wp:term":[{"taxonomy":"category","embeddable":true,"href":"https:\/\/colimdo.org\/wp-api\/wp\/v2\/categories?post=49784"},{"taxonomy":"post_tag","embeddable":true,"href":"https:\/\/colimdo.org\/wp-api\/wp\/v2\/tags?post=49784"}],"curies":[{"name":"wp","href":"https:\/\/api.w.org\/{rel}","templated":true}]}}