{"id":49787,"date":"2019-03-08T00:51:45","date_gmt":"2019-03-08T00:51:45","guid":{"rendered":"https:\/\/colimdo.org\/?p=49787"},"modified":"2019-03-08T00:51:53","modified_gmt":"2019-03-08T00:51:53","slug":"cancelan-temporada-liga-voleibol-masculina-puerto-rico","status":"publish","type":"post","link":"https:\/\/colimdo.org\/noticias\/cancelan-temporada-liga-voleibol-masculina-puerto-rico\/","title":{"rendered":"Cancelan temporada Liga Voleibol Masculina de Puerto Rico"},"content":{"rendered":"<p><strong>SAN JUAN. (EFEUSA).<\/strong>&#8211; El presidente de la Federaci\u00f3n Puertorrique\u00f1a de Voleibol (FPV), C\u00e9sar Trabanco, confirm\u00f3 este jueves la cancelaci\u00f3n de la temporada 2019 de la Liga de Voleibol Superior Masculino (LVSM) debido a la falta de equipos para competir.<\/p>\n<p>En un comunicado de prensa emitido este jueves, Trabanco detall\u00f3 que los clubes de los Changos de Naranjito y los Llaneros de Toa Baja &#8220;ten\u00edan condicionada su participaci\u00f3n de jugar con 6 equipos o m\u00e1s&#8221;, pero el pasado lunes, el equipo de los Gigantes de Carolina pidi\u00f3 una dispensa.<\/p>\n<p>Ante ello, y &#8220;por lo que de conformidad con las circunstancias presentes y contando solo 5 equipos, el torneo 2019 no se llevar\u00e1 a cabo&#8221;, indic\u00f3 el l\u00edder federativo.<\/p>\n<p>La temporada 2019 estaba programada para comenzar en mayo pr\u00f3ximo.<\/p>\n<p>Los Mets de Guaynabo son los actuales campeones del torneo.<\/p>\n","protected":false},"excerpt":{"rendered":"<p>El presidente de la Federaci\u00f3n Puertorrique\u00f1a de Voleibol (FPV), C\u00e9sar Trabanco confirm\u00f3 que la decisi\u00f3n se debe a la falta de clubes.<\/p>\n","protected":false},"author":13,"featured_media":49788,"comment_status":"closed","ping_status":"closed","sticky":false,"template":"","format":"standard","meta":[],"categories":[2],"tags":[],"acf":[],"_links":{"self":[{"href":"https:\/\/colimdo.org\/wp-api\/wp\/v2\/posts\/49787"}],"collection":[{"href":"https:\/\/colimdo.org\/wp-api\/wp\/v2\/posts"}],"about":[{"href":"https:\/\/colimdo.org\/wp-api\/wp\/v2\/types\/post"}],"author":[{"embeddable":true,"href":"https:\/\/colimdo.org\/wp-api\/wp\/v2\/users\/13"}],"replies":[{"embeddable":true,"href":"https:\/\/colimdo.org\/wp-api\/wp\/v2\/comments?post=49787"}],"version-history":[{"count":1,"href":"https:\/\/colimdo.org\/wp-api\/wp\/v2\/posts\/49787\/revisions"}],"predecessor-version":[{"id":49789,"href":"https:\/\/colimdo.org\/wp-api\/wp\/v2\/posts\/49787\/revisions\/49789"}],"wp:featuredmedia":[{"embeddable":true,"href":"https:\/\/colimdo.org\/wp-api\/wp\/v2\/media\/49788"}],"wp:attachment":[{"href":"https:\/\/colimdo.org\/wp-api\/wp\/v2\/media?parent=49787"}],"wp:term":[{"taxonomy":"category","embeddable":true,"href":"https:\/\/colimdo.org\/wp-api\/wp\/v2\/categories?post=49787"},{"taxonomy":"post_tag","embeddable":true,"href":"https:\/\/colimdo.org\/wp-api\/wp\/v2\/tags?post=49787"}],"curies":[{"name":"wp","href":"https:\/\/api.w.org\/{rel}","templated":true}]}}