{"id":49790,"date":"2019-03-08T01:00:07","date_gmt":"2019-03-08T01:00:07","guid":{"rendered":"https:\/\/colimdo.org\/?p=49790"},"modified":"2019-03-08T01:00:13","modified_gmt":"2019-03-08T01:00:13","slug":"futbolistas-colombianas-aseguran-denuncias-acoso-ignoradas","status":"publish","type":"post","link":"https:\/\/colimdo.org\/noticias\/futbolistas-colombianas-aseguran-denuncias-acoso-ignoradas\/","title":{"rendered":"Futbolistas colombianas aseguran denuncias acoso han sido ignoradas"},"content":{"rendered":"<p><strong>Bogot\u00e1, (EFE)<\/strong>.- Un grupo de futbolistas colombianas elev\u00f3 este jueves el tono de su protesta contra el acoso del que denuncian han sido v\u00edctimas por parte de la Federaci\u00f3n de F\u00fatbol, entidad que dicen las han ignorado desde 2012.<\/p>\n<p>As\u00ed lo afirm\u00f3 en una rueda de prensa la defensora Natalia Gait\u00e1n, una de las capitanas del Valencia espa\u00f1ol, quien manifest\u00f3 que desde 2012 han intentado de &#8220;muchas formas&#8221; comunicarse con los directivos de la Federaci\u00f3n Colombiana de F\u00fatbol (FCF).<\/p>\n<p>&#8220;Nosotras s\u00ed hemos tratado de establecer una comunicaci\u00f3n directa con la Federaci\u00f3n Colombiana F\u00fatbol y no hemos podido lograr que sea realidad&#8221;, asegur\u00f3 la tambi\u00e9n capitana de la selecci\u00f3n de mayores.<\/p>\n<p>En ese sentido, Gait\u00e1n record\u00f3 que en 2012 envi\u00f3 una carta en la que le ped\u00eda a la Federaci\u00f3n un &#8220;entrenamiento dirigido, individual y como equipo&#8221; para las deportistas, as\u00ed como partidos de &#8220;fogueo&#8221; internacional contra escuadras femeninas de Europa y Estados Unidos.<\/p>\n<p>&#8220;Necesitamos recibir un mejor apoyo econ\u00f3mico, muchas jugadoras trabajan, estudian, son cabezas de familia, necesitan saber que sus necesidades m\u00ednimas a nivel econ\u00f3mico est\u00e1n satisfechas por lo menos durante el tiempo que se dedican a entrenar y a jugar&#8221;, agreg\u00f3 la futbolista.<\/p>\n<p>Las primeras en denunciar los abusos que han padecido en la selecci\u00f3n de mayores fueron Isabella Echeverri y Melissa Ortiz, ambas radicadas en Estados Unidos y quienes participaron este jueves en la rueda de prensa.<\/p>\n<p>Ortiz, que juega como delantera, denunci\u00f3, entre otros asuntos, que a ella le ha tocado pagar sus boletos a\u00e9reos hacia Colombia cuando ha sido convocada a la selecci\u00f3n.<\/p>\n<p>Adem\u00e1s, critic\u00f3 que usualmente hay &#8220;falta de vi\u00e1ticos nacionales, cuando a los deportistas masculinos les dan; desprotecci\u00f3n de salud con jugadoras que residen en Estados Unidos, y deficiencias de equipos m\u00e9dicos, gimnasios y medios de recuperaci\u00f3n&#8221;.<\/p>\n<p>La artillera tambi\u00e9n asegur\u00f3 que la FCF no les pag\u00f3 completo el premio que obtuvieron en el Mundial de Canad\u00e1 2015, en el que quedaron de s\u00e9ptimas y les prometieron 10 millones de pesos (unos 3.200 d\u00f3lares), de los cuales todav\u00eda les deben 3 millones de pesos (unos 954 d\u00f3lares).<\/p>\n<p>Tambi\u00e9n record\u00f3 que la selecci\u00f3n, tras los Juegos Ol\u00edmpicos de Londres 2012, dur\u00f3 m\u00e1s de 700 d\u00edas sin t\u00e9cnico, mientras que despu\u00e9s de R\u00edo 2016 fueron al menos 400 los d\u00edas sin estratega.<\/p>\n<p>De igual forma, Ortiz asegur\u00f3 que cuando estaban prepar\u00e1ndose para ese campeonato en Estados Unidos, ella sufri\u00f3 una lesi\u00f3n en el tal\u00f3n de aquiles, por lo que se perdi\u00f3 el Mundial.<\/p>\n<p>Sin embargo, la FCF hab\u00eda adquirido un seguro m\u00e9dico de viajes con la empresa Qualitas Assurance que solo cubr\u00eda las lesiones que ocurrieran fuera del pa\u00eds de residencia de las futbolistas, raz\u00f3n por la cual no la beneficiaba.<\/p>\n<p>En ese sentido, se\u00f1al\u00f3 que ella tuvo que asumir y pagar los costos de la operaci\u00f3n y de la fisioterapia para su recuperaci\u00f3n, que fue de 15.954,50 d\u00f3lares y que luego la FCF le reintegr\u00f3.<\/p>\n<p>Seis meses despu\u00e9s recibi\u00f3 una factura adicional por gastos de hospital que fue de 2.674,05 d\u00f3lares que la deportista tuvo que cubrir con el seguro m\u00e9dico de su familia porque la Federaci\u00f3n no admiti\u00f3 esos gastos adicionales debido a que &#8220;no quedaron incluidos en el contrato que suscribieron con la futbolista&#8221;.<\/p>\n<p>Por otra parte, las jugadoras revelaron un audio de una reuni\u00f3n que tuvieron con el vicepresidente de la FCF, \u00c1lvaro Gonz\u00e1lez Alzate, en el que se escucha al directivo decir que el asistente t\u00e9cnico de la selecci\u00f3n femenina de mayores en 2016, Nelson Abad\u00eda, fue despedido por &#8220;crear un sindicato&#8221; con las deportistas para reclamar sus derechos.<\/p>\n<p>En el audio, Gonz\u00e1lez Alzate tambi\u00e9n critica a la jugadora Daniela Montoya, quien ha denunciado que fue vetada por sus declaraciones en los medios de comunicaci\u00f3n contra la FCF.<\/p>\n<p>&#8220;Yo dur\u00e9 un a\u00f1o y medio mal porque yo, como todas mis compa\u00f1eras que est\u00e1n aqu\u00ed, ten\u00edamos la ilusi\u00f3n de estar en los Ol\u00edmpicos de 2016, y uno est\u00e1 preparada para lograr algo hist\u00f3rico all\u00e1. Yo creo que es algo muy dif\u00edcil lo que pas\u00e9 durante ese a\u00f1o y medio&#8221;, dijo Montoya entre l\u00e1grimas.<\/p>\n<p>Asimismo, Isabella Echeverri denunci\u00f3 que en alg\u00fan momento el entrenador Felipe Taborda ten\u00eda una convocatoria paralela en la selecci\u00f3n y que las futbolistas estaban obligadas a consignar en la cuenta personal del t\u00e9cnico los costos de hospedaje y alimentaci\u00f3n cada vez que eran llamadas.<\/p>\n<p>En la rueda de prensa estuvieron, entre otras, la portera Vanessa C\u00f3rdoba, que jug\u00f3 en 2018 en el Albacete espa\u00f1ol; la delantera Nicole Regnier, que pas\u00f3 por el Atl\u00e9tico de Madrid, y Ori\u00e1nica Vel\u00e1squez, delantera de la selecci\u00f3n de mayores, as\u00ed como el presidente de la Asociaci\u00f3n Colombiana de Futbolistas Profesionales (Acolfutpro), Carlos Gonz\u00e1lez Puche.<\/p>\n","protected":false},"excerpt":{"rendered":"<p>Un grupo de futbolistas colombianas elev\u00f3 este jueves el tono de su protesta contra el acoso del que denuncian han sido v\u00edctimas.<\/p>\n","protected":false},"author":13,"featured_media":49791,"comment_status":"closed","ping_status":"closed","sticky":false,"template":"","format":"standard","meta":[],"categories":[2],"tags":[],"acf":[],"_links":{"self":[{"href":"https:\/\/colimdo.org\/wp-api\/wp\/v2\/posts\/49790"}],"collection":[{"href":"https:\/\/colimdo.org\/wp-api\/wp\/v2\/posts"}],"about":[{"href":"https:\/\/colimdo.org\/wp-api\/wp\/v2\/types\/post"}],"author":[{"embeddable":true,"href":"https:\/\/colimdo.org\/wp-api\/wp\/v2\/users\/13"}],"replies":[{"embeddable":true,"href":"https:\/\/colimdo.org\/wp-api\/wp\/v2\/comments?post=49790"}],"version-history":[{"count":1,"href":"https:\/\/colimdo.org\/wp-api\/wp\/v2\/posts\/49790\/revisions"}],"predecessor-version":[{"id":49792,"href":"https:\/\/colimdo.org\/wp-api\/wp\/v2\/posts\/49790\/revisions\/49792"}],"wp:featuredmedia":[{"embeddable":true,"href":"https:\/\/colimdo.org\/wp-api\/wp\/v2\/media\/49791"}],"wp:attachment":[{"href":"https:\/\/colimdo.org\/wp-api\/wp\/v2\/media?parent=49790"}],"wp:term":[{"taxonomy":"category","embeddable":true,"href":"https:\/\/colimdo.org\/wp-api\/wp\/v2\/categories?post=49790"},{"taxonomy":"post_tag","embeddable":true,"href":"https:\/\/colimdo.org\/wp-api\/wp\/v2\/tags?post=49790"}],"curies":[{"name":"wp","href":"https:\/\/api.w.org\/{rel}","templated":true}]}}