{"id":49798,"date":"2019-03-08T12:00:55","date_gmt":"2019-03-08T12:00:55","guid":{"rendered":"https:\/\/colimdo.org\/?p=49798"},"modified":"2019-03-08T12:00:55","modified_gmt":"2019-03-08T12:00:55","slug":"comienzan-los-trabajos-juegos-nacionales-valdesia-2020","status":"publish","type":"post","link":"https:\/\/colimdo.org\/noticias\/comienzan-los-trabajos-juegos-nacionales-valdesia-2020\/","title":{"rendered":"Comienzan los trabajos de Juegos Nacionales Valdesia 2020"},"content":{"rendered":"<p>Los trabajos de organizaci\u00f3n y montaje de los XV Juegos Deportivos Nacionales Valdesia 2020 iniciaron formalmente este jueves con un gran encuentro celebrados en la oficina del Ministro de Deportes, Danilo D\u00edaz Vizca\u00edno y Luis Mej\u00eda Oviedo, presiente del Comit\u00e9 Ol\u00edmpico Dominicano.<\/p>\n<p>Por primera vez en la historia de este evento participa una constelaci\u00f3n de autoridades provinciales y municipales, as\u00ed como un alto prelado de la iglesia Cat\u00f3lica. Este es el primer contacto cara\u00a0 a cara de cara a presentar la pr\u00f3xima edici\u00f3n de los Juegos Nacionales.<\/p>\n<p>Aunque la fecha de los juegos no ha sido establecida y se espera que ello se produzca en el mes de abril, lo mismo que la conformaci\u00f3n del Comit\u00e9 Organizador, los trabajos para el montaje de los XV Juegos Deportivos Nacionales Valdesia 2020 ha comenzado con buen pie.<\/p>\n<p>El Ministro de Deportes D\u00edaz Vizca\u00edno dej\u00f3 bien claro la intenci\u00f3n del Gobierno de presentar los juegos en el 2020, lo que fue corroborado por Mej\u00eda Oviedo.<\/p>\n<p>D\u00edaz Vizca\u00edno abri\u00f3 la reuni\u00f3n celebrada en un sal\u00f3n contiguo al su despacho, dando un gran informe sobre el compromiso que tiene el Gobierno del presidente Danilo Medina de presentar los Juegos Nacionales Valdesia 2020.<\/p>\n<p>Calific\u00f3 la reuni\u00f3n como \u201cpositiva, fecunda, en buen \u00e1nimo y mucha comprensi\u00f3n, sobretodo, de hacer trillar un camino que haga posible que estos XV Juegos Nacionales confirmen y consoliden\u201d que la fiesta nacional del deporte \u201cno se interrumpan jam\u00e1s\u201d.<\/p>\n<p>Destac\u00f3 \u201cel buen \u00e1nimo y comprensi\u00f3n\u201d que prim\u00f3 en la reuni\u00f3n en la que tomaron parte el obispo de la Di\u00f3cesis de Ban\u00ed, V\u00edctor Masalles; los senadores Wilton Guerrero, de Peravia; Pedro\u00a0 Alegr\u00eda, de San Jos\u00e9 de Ocoa; y Rafael Calder\u00f3n, de Azua.<\/p>\n<p>D\u00edaz Vizca\u00edno tambi\u00e9n habl\u00f3 ante la presencia de los Alcaldes Nelson Camilo \u201cChacho\u201d Landestoy, de Ban\u00ed; Aneudy Ortiz, de San Jos\u00e9 Ocoa; Rafael Hidalgo, de Azua, y presidente de la Federaci\u00f3n Dominicana de Municipios (Fedomu); Magnolia Ram\u00edrez Mart\u00ednez, de Peralta de Azua; Salvador P\u00e9rez, de Nizao, se refiri\u00f3 a un plan de trabajo \u201cpara hacer de estos juegos algo realizables, algo posible\u201d.<\/p>\n<p>A la cita tambi\u00e9n asistieron la Gobernadora de la provincia Peravia, se\u00f1ora Nelly Melo, as\u00ed como los diputados Mercedes Rodr\u00edguez, de Ban\u00ed y Luis Vargas, de Azua. Tambi\u00e9n dirigentes y periodistas de la regi\u00f3n.<\/p>\n<p>D\u00edaz Vizca\u00edno anunci\u00f3 que en el mes de abril, despu\u00e9s de Semana Santa, definir\u00edan la fecha y el Comit\u00e9 Organizador de los Juegos.<\/p>\n<p>De su lado, Mej\u00eda Oviedo elogi\u00f3 la presencia de las personalidades de las tres provincias de la regi\u00f3n Valdesia, designadas sedes conjuntas del principal evento deportivo del pa\u00eds, mediante Decreto 447-18, firmado por el presidente Danilo Medina S\u00e1nchez el 14 de diciembre del a\u00f1o pasado.<\/p>\n<p>\u201cHa sido una reuni\u00f3n sumamente importante, eso garantiza que los Juegos se monten en el 20 y desaparezca para siempre la paralizaci\u00f3n de los Juegos\u201d, sostuvo el principal dirigente deportivo del pa\u00eds.<\/p>\n<p>LIST\u00cdN DIARIO<\/p>\n","protected":false},"excerpt":{"rendered":"<p>Los trabajos de organizaci\u00f3n y montaje de los XV Juegos Deportivos Nacionales Valdesia 2020 iniciaron formalmente este jueves con un gran encuentro celebrados en la oficina del Ministro de Deportes, Danilo D\u00edaz Vizca\u00edno y Luis Mej\u00eda Oviedo, presiente del Comit\u00e9 Ol\u00edmpico Dominicano. Por primera vez en la historia de este evento participa una constelaci\u00f3n de [&hellip;]<\/p>\n","protected":false},"author":9,"featured_media":49799,"comment_status":"closed","ping_status":"closed","sticky":false,"template":"","format":"standard","meta":[],"categories":[2,60],"tags":[],"acf":[],"_links":{"self":[{"href":"https:\/\/colimdo.org\/wp-api\/wp\/v2\/posts\/49798"}],"collection":[{"href":"https:\/\/colimdo.org\/wp-api\/wp\/v2\/posts"}],"about":[{"href":"https:\/\/colimdo.org\/wp-api\/wp\/v2\/types\/post"}],"author":[{"embeddable":true,"href":"https:\/\/colimdo.org\/wp-api\/wp\/v2\/users\/9"}],"replies":[{"embeddable":true,"href":"https:\/\/colimdo.org\/wp-api\/wp\/v2\/comments?post=49798"}],"version-history":[{"count":1,"href":"https:\/\/colimdo.org\/wp-api\/wp\/v2\/posts\/49798\/revisions"}],"predecessor-version":[{"id":49800,"href":"https:\/\/colimdo.org\/wp-api\/wp\/v2\/posts\/49798\/revisions\/49800"}],"wp:featuredmedia":[{"embeddable":true,"href":"https:\/\/colimdo.org\/wp-api\/wp\/v2\/media\/49799"}],"wp:attachment":[{"href":"https:\/\/colimdo.org\/wp-api\/wp\/v2\/media?parent=49798"}],"wp:term":[{"taxonomy":"category","embeddable":true,"href":"https:\/\/colimdo.org\/wp-api\/wp\/v2\/categories?post=49798"},{"taxonomy":"post_tag","embeddable":true,"href":"https:\/\/colimdo.org\/wp-api\/wp\/v2\/tags?post=49798"}],"curies":[{"name":"wp","href":"https:\/\/api.w.org\/{rel}","templated":true}]}}