{"id":49813,"date":"2019-03-08T14:49:39","date_gmt":"2019-03-08T14:49:39","guid":{"rendered":"https:\/\/colimdo.org\/?p=49813"},"modified":"2019-03-08T14:51:43","modified_gmt":"2019-03-08T14:51:43","slug":"rd-estara-grupo-b-mundial-baloncesto-3x3","status":"publish","type":"post","link":"https:\/\/colimdo.org\/noticias\/rd-estara-grupo-b-mundial-baloncesto-3x3\/","title":{"rendered":"RD estar\u00e1 en el Grupo B en Mundial de Baloncesto 3&#215;3"},"content":{"rendered":"<p><strong>Santo Domingo (Salto al Centro)<\/strong>\u00a0\u2013 La Federaci\u00f3n Internacional de Baloncesto Asociado (FIBA), revel\u00f3 este jueves los Grupos que participar\u00e1n en el Mundial de Baloncesto U18 en la modalidad 3&#215;3, en el cual\u00a0 la selecci\u00f3n dominicana masculina formar\u00e1 parte del Grupo B en la primera fase a jugarse en Ulaanbaatar, Mongolia, del 3 al 7 de junio del presente a\u00f1o.<\/p>\n<p>Junto al equipo nacional conforman la llave B, los representantes de Rusia, Ucrania, Turkmenist\u00e1n y Kazajist\u00e1n, siendo la primera vez en la historia de esta modalidad que el baloncesto dominicano estar\u00e1 participando en un Mundial.<\/p>\n<p>Este evento est\u00e1 conformado por cuatro grupos de cinco pa\u00edses, donde cada selecci\u00f3n jugar\u00e1 un partido contra cada uno de los otros cuatro oponentes de su llave, y los mejores dos al finalizar la primera fase, estar\u00e1n clasificando a la siguiente ronda en partidos de muerte s\u00fabita, hasta llegar a la final, de acuerdo al\u00a0comunicado\u00a0emitido por\u00a0FIBA.<\/p>\n<p>Para el mes de octubre de este mismo a\u00f1o, el equipo nacional\u00a0U23 femenino\u00a0estar\u00e1 participando en el Mundial de esta disciplina, y ser\u00e1 hist\u00f3rico al ser la primera participaci\u00f3n de la mujer dominicana en una Copa del Mundo en baloncesto.<\/p>\n","protected":false},"excerpt":{"rendered":"<p>Este jueves la Federaci\u00f3n Internacional de Baloncesto Asociado revel\u00f3 los cuatro grupos de la primera fase del Mundial U18 de la modalidad 3\u00d73 en la rama masculina.<\/p>\n","protected":false},"author":16,"featured_media":49814,"comment_status":"closed","ping_status":"closed","sticky":false,"template":"","format":"standard","meta":[],"categories":[2,60],"tags":[],"acf":[],"_links":{"self":[{"href":"https:\/\/colimdo.org\/wp-api\/wp\/v2\/posts\/49813"}],"collection":[{"href":"https:\/\/colimdo.org\/wp-api\/wp\/v2\/posts"}],"about":[{"href":"https:\/\/colimdo.org\/wp-api\/wp\/v2\/types\/post"}],"author":[{"embeddable":true,"href":"https:\/\/colimdo.org\/wp-api\/wp\/v2\/users\/16"}],"replies":[{"embeddable":true,"href":"https:\/\/colimdo.org\/wp-api\/wp\/v2\/comments?post=49813"}],"version-history":[{"count":3,"href":"https:\/\/colimdo.org\/wp-api\/wp\/v2\/posts\/49813\/revisions"}],"predecessor-version":[{"id":49817,"href":"https:\/\/colimdo.org\/wp-api\/wp\/v2\/posts\/49813\/revisions\/49817"}],"wp:featuredmedia":[{"embeddable":true,"href":"https:\/\/colimdo.org\/wp-api\/wp\/v2\/media\/49814"}],"wp:attachment":[{"href":"https:\/\/colimdo.org\/wp-api\/wp\/v2\/media?parent=49813"}],"wp:term":[{"taxonomy":"category","embeddable":true,"href":"https:\/\/colimdo.org\/wp-api\/wp\/v2\/categories?post=49813"},{"taxonomy":"post_tag","embeddable":true,"href":"https:\/\/colimdo.org\/wp-api\/wp\/v2\/tags?post=49813"}],"curies":[{"name":"wp","href":"https:\/\/api.w.org\/{rel}","templated":true}]}}