{"id":49821,"date":"2019-03-08T16:46:27","date_gmt":"2019-03-08T16:46:27","guid":{"rendered":"https:\/\/colimdo.org\/?p=49821"},"modified":"2019-03-08T16:46:27","modified_gmt":"2019-03-08T16:46:27","slug":"clasificatorio-taekwondo-puso-prueba-caracter-edward-espinosa","status":"publish","type":"post","link":"https:\/\/colimdo.org\/noticias\/clasificatorio-taekwondo-puso-prueba-caracter-edward-espinosa\/","title":{"rendered":"Clasificatorio de Taekwondo puso a prueba car\u00e1cter de Edward Espinosa"},"content":{"rendered":"<p>Santo Domingo. Edward Espinosa logr\u00f3 el objetivo de alcanzar su pase a los Juegos Panamericanos que se celebrar\u00e1n este a\u00f1o en Lima, Per\u00fa, mediante su actuaci\u00f3n en el Campeonato Clasificatorio que se desarrolla en el pa\u00eds, una tarea que no fue para nada f\u00e1cil y puso a prueba su perseverancia.<\/p>\n<p>En su primera pelea en el certamen Edward cay\u00f3 en un cerrado combate que concluy\u00f3 28-30 ante el canadiense Miguel D\u00edaz, situaci\u00f3n que en ese momento golpe\u00f3 su confianza en s\u00ed mismo, la cual tuvo que recuperar para su encuentro en el repechaje.<\/p>\n<p>\u201cSon gajes del oficio, pero en realidad es duro\u201d explic\u00f3 Espinosa sobre su derrota, un combate en el cual inici\u00f3 \u201ct\u00edmido\u201d, pero que logr\u00f3 cerrar el en ter y \u00faltimo raund de la pelea en el cual el tiempo no le alcanz\u00f3 para superar a su rival canadiense.<\/p>\n<p>Espinosa, quien se\u00f1al\u00f3 que en ese momento sus \u00e1nimos se fueron al piso, agradeci\u00f3 el apoyo de su familia, de su pareja\u00a0 Mariel Jim\u00e9nez y de sus compa\u00f1eros y entrenadores, quienes lo devolvieron al camino para salir airoso en su combate de repechaje en el cual venci\u00f3 31-12 a Nelson Acabajon de Guatemala, para alcanzar su pase a los Panamericanos de Lima 2019.<\/p>\n<p>Ahora Espinosa, quien participar\u00e1 en el Open G-1, que es puntuable para los Juegos Ol\u00edmpicos de China 2020, se preparar\u00e1 para poner a brillar los colores patrios en el evento multideportivo m\u00e1s importante del continente.<\/p>\n","protected":false},"excerpt":{"rendered":"<p>El atleta dominicano super\u00f3 la derrota en su primera pelea, para lograr su avance en el repechaje.<\/p>\n","protected":false},"author":16,"featured_media":49822,"comment_status":"closed","ping_status":"closed","sticky":false,"template":"","format":"standard","meta":[],"categories":[2,60],"tags":[],"acf":[],"_links":{"self":[{"href":"https:\/\/colimdo.org\/wp-api\/wp\/v2\/posts\/49821"}],"collection":[{"href":"https:\/\/colimdo.org\/wp-api\/wp\/v2\/posts"}],"about":[{"href":"https:\/\/colimdo.org\/wp-api\/wp\/v2\/types\/post"}],"author":[{"embeddable":true,"href":"https:\/\/colimdo.org\/wp-api\/wp\/v2\/users\/16"}],"replies":[{"embeddable":true,"href":"https:\/\/colimdo.org\/wp-api\/wp\/v2\/comments?post=49821"}],"version-history":[{"count":1,"href":"https:\/\/colimdo.org\/wp-api\/wp\/v2\/posts\/49821\/revisions"}],"predecessor-version":[{"id":49823,"href":"https:\/\/colimdo.org\/wp-api\/wp\/v2\/posts\/49821\/revisions\/49823"}],"wp:featuredmedia":[{"embeddable":true,"href":"https:\/\/colimdo.org\/wp-api\/wp\/v2\/media\/49822"}],"wp:attachment":[{"href":"https:\/\/colimdo.org\/wp-api\/wp\/v2\/media?parent=49821"}],"wp:term":[{"taxonomy":"category","embeddable":true,"href":"https:\/\/colimdo.org\/wp-api\/wp\/v2\/categories?post=49821"},{"taxonomy":"post_tag","embeddable":true,"href":"https:\/\/colimdo.org\/wp-api\/wp\/v2\/tags?post=49821"}],"curies":[{"name":"wp","href":"https:\/\/api.w.org\/{rel}","templated":true}]}}