{"id":49836,"date":"2019-03-08T22:45:45","date_gmt":"2019-03-08T22:45:45","guid":{"rendered":"https:\/\/colimdo.org\/?p=49836"},"modified":"2019-03-08T22:45:51","modified_gmt":"2019-03-08T22:45:51","slug":"maraton-carrefour-10k-se-corre-este-domingo-cifra-corredores","status":"publish","type":"post","link":"https:\/\/colimdo.org\/noticias\/maraton-carrefour-10k-se-corre-este-domingo-cifra-corredores\/","title":{"rendered":"Marat\u00f2n Carrefour 10K se corre este domingo con cifra corredores"},"content":{"rendered":"<p><strong>SANTO DOMINGO<\/strong>. Con la participaci\u00f3n de mil corredores ser\u00e1 celebrado este domingo la VI edici\u00f3n del marat\u00f3n Carrefour 10K, organizado por Carrefour y Santo Domingo Corre.<\/p>\n<p>La actividad ben\u00e9fica a favor de la Fundaci\u00f3n Amigos Contra el C\u00e1ncer Infantil (FACCI), como parte del proyecto de responsabilidad social de Carrefour, est\u00e1 programa para iniciar a las 7:00 de la ma\u00f1ana saliendo desde la plaza Downtown Center de Bella Vista y culminando en el kil\u00f3metro 5, de la Avenida de Salud, del Mirador del Sur.<\/p>\n<p>En la ocasi\u00f3n, los organizadores a\u00f1adieron una nueva categor\u00eda de 70 a\u00f1os o m\u00e1s, lo que har\u00e1 m\u00e1s atractiva la competencia.<\/p>\n<p>Adem\u00e1s de las tradicionales de Overall Masculino y Femenino, as\u00ed como las categor\u00edas clasificadas en edades de 29 a\u00f1os y menos, 30-39, 40-49, 50-59 y 60-69 a\u00f1os.<\/p>\n<p>Los ganadores de los primeros lugares tendr\u00e1n premios de RD$15,000, 10,000, 7,000, 3,000, 1,500 respectivamente. Como gran atractivo ser\u00e1 sorteado un boleto a\u00e9reo a Par\u00eds con Air Caraibes ida y vuelta para una persona. Adem\u00e1s, se har\u00e1 entrega de medallas para cada uno de los participantes que complete el recorrido.<\/p>\n<p>Este a\u00f1o la participaci\u00f3n ha alcanzado el record de 1,000 corredores, por lo ya est\u00e1n cerradas las inscripciones. Esta acci\u00f3n de Responsabilidad Social de Carrefour destina un porcentaje a beneficio de la Fundaci\u00f3n Amigos Contra el C\u00e1ncer Infantil (FACCI).<\/p>\n<p>Los participantes recibir\u00e1n a partir de este s\u00e1bado en Carrefour Market, un kit que incluye el t-shirt oficial del evento Dry-Fit, un n\u00famero dorsal\/BIB, un chip de tiempo, un bulto oficial del evento, as\u00ed como art\u00edculos de los patrocinadores.<\/p>\n<p>El evento cuenta con el respaldo de las empresas: American Express, Seguros Sura, Unilever Con Rexona, Nestl\u00e9 Con Impulso, Electrolit, Agua Heaven, Banco BHD Le\u00f3n, Hageco, Ontier-Alburquerque.<\/p>\n<p>Patrocinan adem\u00e1s: Mej\u00eda Arcal\u00e1 con Milex, Productos Vivo, Colgate, Protex. Induveca (Yoka Caser\u00edo), Quaker, Helados Bon, Air Caraibes, Whizz Detergente, Diario Libre, Ontol Gel.<\/p>\n","protected":false},"excerpt":{"rendered":"<p>La actividad ben\u00e9fica est\u00e1 programa para iniciar a las 7:00 de la ma\u00f1ana saliendo desde la plaza Downtown Center de Bella Vista.<\/p>\n","protected":false},"author":13,"featured_media":49837,"comment_status":"closed","ping_status":"closed","sticky":false,"template":"","format":"standard","meta":[],"categories":[2],"tags":[],"acf":[],"_links":{"self":[{"href":"https:\/\/colimdo.org\/wp-api\/wp\/v2\/posts\/49836"}],"collection":[{"href":"https:\/\/colimdo.org\/wp-api\/wp\/v2\/posts"}],"about":[{"href":"https:\/\/colimdo.org\/wp-api\/wp\/v2\/types\/post"}],"author":[{"embeddable":true,"href":"https:\/\/colimdo.org\/wp-api\/wp\/v2\/users\/13"}],"replies":[{"embeddable":true,"href":"https:\/\/colimdo.org\/wp-api\/wp\/v2\/comments?post=49836"}],"version-history":[{"count":1,"href":"https:\/\/colimdo.org\/wp-api\/wp\/v2\/posts\/49836\/revisions"}],"predecessor-version":[{"id":49838,"href":"https:\/\/colimdo.org\/wp-api\/wp\/v2\/posts\/49836\/revisions\/49838"}],"wp:featuredmedia":[{"embeddable":true,"href":"https:\/\/colimdo.org\/wp-api\/wp\/v2\/media\/49837"}],"wp:attachment":[{"href":"https:\/\/colimdo.org\/wp-api\/wp\/v2\/media?parent=49836"}],"wp:term":[{"taxonomy":"category","embeddable":true,"href":"https:\/\/colimdo.org\/wp-api\/wp\/v2\/categories?post=49836"},{"taxonomy":"post_tag","embeddable":true,"href":"https:\/\/colimdo.org\/wp-api\/wp\/v2\/tags?post=49836"}],"curies":[{"name":"wp","href":"https:\/\/api.w.org\/{rel}","templated":true}]}}