{"id":49839,"date":"2019-03-08T23:05:16","date_gmt":"2019-03-08T23:05:16","guid":{"rendered":"https:\/\/colimdo.org\/?p=49839"},"modified":"2019-03-08T23:05:41","modified_gmt":"2019-03-08T23:05:41","slug":"seleccion-taekwondo-termina-ocho-plazas-panam-lima-2019","status":"publish","type":"post","link":"https:\/\/colimdo.org\/noticias\/seleccion-taekwondo-termina-ocho-plazas-panam-lima-2019\/","title":{"rendered":"Selecci\u00f2n taekwondo termina con ocho plazas para Panam Lima 2019"},"content":{"rendered":"<p><strong>SANTO DOMINGO<\/strong>. La Rep\u00fablica Dominicana finaliz\u00f3 con\u00a0 ocho plazas para los Juegos Panamericanos de Lima 2019, luego de que Edward Espinosa y Fraily Mora alcanzaran sus respectivos cupos en combates de repesca durante el Campeonato Clasificatorio de Taekwondo, que junto al Abierto Mundial G-1, se disputa en Santo Domingo.<\/p>\n<p>Espinosa, quien compite en los 58 kilogramos, cay\u00f3 30-28 ante el canadiense Miguel D\u00edaz, pero logr\u00f3 avanzar a Lima cuando se impuso al guatemalteco Nelson Acabajon por un amplio 31-12, en su segunda oportunidad.<\/p>\n<p>El taekwondista dominicano declar\u00f3 luego del combate que sinti\u00f3 decaer cuando perdi\u00f3 ante D\u00edaz, pero que se apoy\u00f3 en su familia, presente en el Palacio del Voleibol, as\u00ed como en sus entrenadores para salir airoso en su combate de repesca contra Acabajon.<\/p>\n<p>En tanto que Mora perdi\u00f3 5-17 ante el cubano Rafael Alba, pero en la repesca \u00a0super\u00f3 a Edward Smith de Aruba por 26-7, en combates celebrados en los +80 kilogramos.<\/p>\n<p>\u201cMe sent\u00ed presionado porque el cubano es uno de los favoritos en la categor\u00eda, pero en ning\u00fan momento entr\u00f3 en p\u00e1nico, sal\u00ed sin miedo alguno en la oportunidad de clasificar, me esforc\u00e9 y aqu\u00ed est\u00e1 el resultado\u201d, expres\u00f3 Mora, quien dijo que ahora le corresponde \u201cprepararse bien\u201d para los Juegos Panamericanos.<\/p>\n<p>Se unieron a otros cuatro<\/p>\n<p>Espinosa y Mora se unieron a sus compa\u00f1eros Bernardo Pie (-68 kg); Mois\u00e9s Hern\u00e1ndez (-80); G\u00e9nesis And\u00fajar (-57) y Madeline Rodr\u00edguez, en los -67 kilogramos, quienes alcanzaron sus boletos este jueves, en la apertura del Clasificatorio.<\/p>\n<p>Parataekwondo<\/p>\n<p>Las ocho plazas dominicanas a Lima la completan los atletas de parataekwondo Gerardo Castro, quien super\u00f3 39-5 a Juan Diego Puente, de Ecuador, y al guatemalteco Gelsson Mej\u00eda, por 40-39, en su combate definitorio, as\u00ed como Elizabeth Geraldo, quien entr\u00f3 directo, luego de la no presentaci\u00f3n de su rival.<\/p>\n<p>Luisito Pie<\/p>\n<p>El medallista ol\u00edmpico dominicano Luisito Pie competir\u00e1 este s\u00e1bado en el Abierto Mundial de Taekwondo G-1, que se celebra tambi\u00e9n en el Palacio del Voleibol del Centro Ol\u00edmpico Juan Pablo Duarte.<\/p>\n<p>Pie buscar\u00e1 acumular puntos en el r\u00e1nking de la Federaci\u00f3n Internacional de Taekwondo, con miras a los Juegos Ol\u00edmpicos de Tokio 2020, adem\u00e1s de los Campeonatos Mundiales de la disciplina.<\/p>\n<p><strong>Cinco equipos clasifican en Poomsae<\/strong><\/p>\n<p>En las competiciones de este viernes, cinco equipos\u00a0 del continente lograron avanzar a los Juegos Panamericanos en la categor\u00eda de poomsae (combate simulado).<\/p>\n<p>M\u00e9xico, Canad\u00e1, Puerto Rico, Estados Unidos y Guatemala, colocaron a sus cinco peleadores (tres hombres y dos mujeres) en la cita suramericana. El equipo de Rep\u00fablica Dominicana ocup\u00f3 la octava posici\u00f3n.<\/p>\n<p>Atleta dominicana disput\u00f3 la final en Poomsae<\/p>\n<p>La taekwondista dominicana Ana Patricia Pe\u00f1a P\u00e9rez estuvo a punto de clasificar en el Poomsae, en una clasificaci\u00f3n individual femenina, en la que disput\u00f3 la final con la ecuatoriana Claudia C\u00e1rdenas, quien finalmente la venci\u00f3 7:7.235 puntos por 7:065.835.<\/p>\n","protected":false},"excerpt":{"rendered":"<p>Luis Pie pelea este s\u00e1bado en el inicio del Abierto G-1, segunda pata del certamen que se disputa hasta el domingo en el Pabell\u00f3n de Voleibol.<\/p>\n","protected":false},"author":13,"featured_media":49840,"comment_status":"closed","ping_status":"closed","sticky":false,"template":"","format":"standard","meta":[],"categories":[2,60],"tags":[],"acf":[],"_links":{"self":[{"href":"https:\/\/colimdo.org\/wp-api\/wp\/v2\/posts\/49839"}],"collection":[{"href":"https:\/\/colimdo.org\/wp-api\/wp\/v2\/posts"}],"about":[{"href":"https:\/\/colimdo.org\/wp-api\/wp\/v2\/types\/post"}],"author":[{"embeddable":true,"href":"https:\/\/colimdo.org\/wp-api\/wp\/v2\/users\/13"}],"replies":[{"embeddable":true,"href":"https:\/\/colimdo.org\/wp-api\/wp\/v2\/comments?post=49839"}],"version-history":[{"count":1,"href":"https:\/\/colimdo.org\/wp-api\/wp\/v2\/posts\/49839\/revisions"}],"predecessor-version":[{"id":49841,"href":"https:\/\/colimdo.org\/wp-api\/wp\/v2\/posts\/49839\/revisions\/49841"}],"wp:featuredmedia":[{"embeddable":true,"href":"https:\/\/colimdo.org\/wp-api\/wp\/v2\/media\/49840"}],"wp:attachment":[{"href":"https:\/\/colimdo.org\/wp-api\/wp\/v2\/media?parent=49839"}],"wp:term":[{"taxonomy":"category","embeddable":true,"href":"https:\/\/colimdo.org\/wp-api\/wp\/v2\/categories?post=49839"},{"taxonomy":"post_tag","embeddable":true,"href":"https:\/\/colimdo.org\/wp-api\/wp\/v2\/tags?post=49839"}],"curies":[{"name":"wp","href":"https:\/\/api.w.org\/{rel}","templated":true}]}}