{"id":49852,"date":"2019-03-09T13:58:34","date_gmt":"2019-03-09T13:58:34","guid":{"rendered":"https:\/\/colimdo.org\/?p=49852"},"modified":"2019-03-09T13:58:34","modified_gmt":"2019-03-09T13:58:34","slug":"judocas-competiran-clasificatorios-marruecos-peru-tokio-2020","status":"publish","type":"post","link":"https:\/\/colimdo.org\/noticias\/judocas-competiran-clasificatorios-marruecos-peru-tokio-2020\/","title":{"rendered":"Judocas competir\u00e1n en clasificatorios de Marruecos y Per\u00fa para Tokio 2020"},"content":{"rendered":"<p><b><span lang=\"ES-DO\">SANTO DOMINGO.<\/span><\/b><span lang=\"ES-DO\">\u00a0Medickson del Orbe, Robert Florentino y Lewis Medina forman parte del seleccionado superior de judo que estar\u00e1 buscando puntos en dos clasificatorios para los Juegos Ol\u00edmpicos Tokio, Jap\u00f3n 2020.<\/span><\/p>\n<p><span lang=\"ES-DO\">Un total de siete competidos estar\u00e1n este fin de semana en el Grand Prix de Judo en Marruecos, mientras que uno tomar\u00e1 parte en el Open Panamericano en Lima, Per\u00fa.<\/span><\/p>\n<p><span lang=\"ES-DO\">La participaci\u00f3n de las delegaciones en ambas clasificaciones es posible al apoyo del Grupo Creando Sue\u00f1os Ol\u00edmpicos (Creso) y la Federaci\u00f3n Internacional de Judo (FIJ).<\/span><\/p>\n<p><span lang=\"ES-DO\">En el Grand Prix de Marruecos, Medickson del Orbe enfrentar\u00e1 en su primer combate a Antoine Valois-Fortier, de Canad\u00e1, en la categor\u00eda menos 81 kilos en el pool C.<\/span><\/p>\n<p><span lang=\"ES-DO\">En menos 90 kilos, Robert Florentino tendr\u00e1 de frente al ganador de la pelea entre Yersultan Muzapparov, de Kazajist\u00e1n, y Dieudonne Dolassem, de Camer\u00fan, mientras que el tambi\u00e9n dominicano \u00c1ngel B\u00e1ez chocar\u00e1 contra el vencedor del combate que disputar\u00e1n Aurelien Diesse, de Francia, y Klen Kaljulaid, de Estonia.<\/span><\/p>\n<p><span lang=\"ES-DO\">Lewis Medina, en menos 100 kilos, enfrentar\u00e1 a Aibek Serikbayev, de Kazajist\u00e1n, en tanto que Jos\u00e9 Nova pelear\u00e1 en la misma categor\u00eda ante el ruso Kirill Desinov.<\/span><\/p>\n<p><span lang=\"ES-DO\">En menos 52 kilos femeninos, Diana de Jes\u00fas combatir\u00e1 ante Marwa Farhat, de Marruecos, mientras que en menos 57 kilos, Ana Rosa tendr\u00e1 de frente a Mina Libeer, de B\u00e9lgica.\u00a0<\/span>Los entrenadores Manuel Ram\u00edrez y Adalberto \u00c1ngeles acompa\u00f1an a los atletas.<\/p>\n<p><b><span lang=\"ES-DO\">Open Panamericano de Per\u00fa<\/span><\/b><\/p>\n<p><span lang=\"ES-DO\">El atleta \u00d2scar Javier Santana, en la prueba menos 81 kilos, competir\u00e1 en el Open Panamericano de Judo que se celebrar\u00e1 este fin de semana en Lima, Per\u00fa.<\/span><\/p>\n<p><span lang=\"ES-DO\">El torneo tambi\u00e9n reparte puntos para los Juegos Ol\u00edmpicos de Tokio, Jap\u00f3n. \u00d2scar Javier Santana estar\u00e1 acompa\u00f1ado del entrenador \u00c1ngelo Jos\u00e9 G\u00f3mez Almonte.<\/span><\/p>\n","protected":false},"excerpt":{"rendered":"<p>SANTO DOMINGO.\u00a0Medickson del Orbe, Robert Florentino y Lewis Medina forman parte del seleccionado superior de judo que estar\u00e1 buscando puntos en dos clasificatorios para los Juegos Ol\u00edmpicos Tokio, Jap\u00f3n 2020. Un total de siete competidos estar\u00e1n este fin de semana en el Grand Prix de Judo en Marruecos, mientras que uno tomar\u00e1 parte en el [&hellip;]<\/p>\n","protected":false},"author":9,"featured_media":49853,"comment_status":"closed","ping_status":"closed","sticky":false,"template":"","format":"standard","meta":[],"categories":[3,2,60],"tags":[],"acf":[],"_links":{"self":[{"href":"https:\/\/colimdo.org\/wp-api\/wp\/v2\/posts\/49852"}],"collection":[{"href":"https:\/\/colimdo.org\/wp-api\/wp\/v2\/posts"}],"about":[{"href":"https:\/\/colimdo.org\/wp-api\/wp\/v2\/types\/post"}],"author":[{"embeddable":true,"href":"https:\/\/colimdo.org\/wp-api\/wp\/v2\/users\/9"}],"replies":[{"embeddable":true,"href":"https:\/\/colimdo.org\/wp-api\/wp\/v2\/comments?post=49852"}],"version-history":[{"count":1,"href":"https:\/\/colimdo.org\/wp-api\/wp\/v2\/posts\/49852\/revisions"}],"predecessor-version":[{"id":49854,"href":"https:\/\/colimdo.org\/wp-api\/wp\/v2\/posts\/49852\/revisions\/49854"}],"wp:featuredmedia":[{"embeddable":true,"href":"https:\/\/colimdo.org\/wp-api\/wp\/v2\/media\/49853"}],"wp:attachment":[{"href":"https:\/\/colimdo.org\/wp-api\/wp\/v2\/media?parent=49852"}],"wp:term":[{"taxonomy":"category","embeddable":true,"href":"https:\/\/colimdo.org\/wp-api\/wp\/v2\/categories?post=49852"},{"taxonomy":"post_tag","embeddable":true,"href":"https:\/\/colimdo.org\/wp-api\/wp\/v2\/tags?post=49852"}],"curies":[{"name":"wp","href":"https:\/\/api.w.org\/{rel}","templated":true}]}}