{"id":49878,"date":"2019-03-10T19:59:54","date_gmt":"2019-03-10T19:59:54","guid":{"rendered":"https:\/\/colimdo.org\/?p=49878"},"modified":"2019-03-10T19:59:54","modified_gmt":"2019-03-10T19:59:54","slug":"celebraran-encuentro-federaciones-hablar-los-panam-lima-2019","status":"publish","type":"post","link":"https:\/\/colimdo.org\/noticias\/celebraran-encuentro-federaciones-hablar-los-panam-lima-2019\/","title":{"rendered":"Celebrar\u00e1n encuentro con federaciones para hablar de los Panam Lima 2019"},"content":{"rendered":"<div><span lang=\"ES-DO\"><b>SANTO DOMINGO<\/b>. Las Federaciones Deportivas Nacionales se reunir\u00e1n este lunes, a las diez de la ma\u00f1ana, para agotar una agenda que incluye la organizaci\u00f3n y participaci\u00f3n dominicana en los XV Juegos Panamericanos de Lima 2019.<\/span><\/div>\n<div><span lang=\"ES-DO\">\u00a0<\/span><\/div>\n<div>La reuni\u00f3n estar\u00e1 presidida por el licenciado Luis Mej\u00eda, presidente del Comit\u00e9 Ol\u00edmpico Dominicano (COD), y tendr\u00e1 lugar en el sal\u00f3n Juan Ulises Garc\u00eda Saleta (Whiche) del organismo ol\u00edmpico.<\/div>\n<p>En el encuentro tambi\u00e9n estar\u00e1 la Comisi\u00f3n T\u00e9cnica del COD y del Ministerio de Deportes, as\u00ed como el ingeniero Garibaldi Bautista, Jefe de Misi\u00f3n Lima 2019.<\/p>\n<p class=\"m_4720724125719868891ydp638a5868yiv6322558139ydpabe6db05MsoNoSpacing\"><span lang=\"ES-DO\">El encuentro con las Federaciones Deportivas Nacionales es el primero de este tipo que se realizar\u00e1 con el objetivo de ofrecer informes de inter\u00e9s sobre la participaci\u00f3n de la delegaci\u00f3n dominicana que tomar\u00e1 parte en la cita multideportiva que tendr\u00e1 lugar de Lima, Per\u00fa, del 26 de julio al 11 de agosto pr\u00f3ximo.<\/span><\/p>\n<p class=\"m_4720724125719868891ydp638a5868yiv6322558139ydpabe6db05MsoNoSpacing\"><span lang=\"ES-DO\">En la jornada informativa, la Direcci\u00f3n T\u00e9cnica, dirigida por Juan Febles Dalmas\u00ed, deber\u00e1 ofrecer c\u00f3mo marcha el proceso de los distintos atletas que han logrado sus respectivas clasificaciones y los que faltan, as\u00ed como el proceso de acreditaci\u00f3n, entre otros puntos.<\/span><\/p>\n<p class=\"m_4720724125719868891ydp638a5868yiv6322558139ydpabe6db05MsoNoSpacing\"><span lang=\"ES-DO\">Tambi\u00e9n, la comisi\u00f3n m\u00e9dica tiene la responsabilidad de informar sobre el programa de seguimiento y actualizaci\u00f3n de los atletas, al igual que establecer las charlas sobre prevenci\u00f3n sobre el dopaje.<\/span><\/p>\n<p class=\"m_4720724125719868891ydp638a5868yiv6322558139ydpabe6db05MsoNoSpacing\"><span lang=\"ES-DO\">La direcci\u00f3n t\u00e9cnica del Ministerio de Deportes tambi\u00e9n estar\u00e1 en el encuentro y expondr\u00e1 adem\u00e1s aspectos organizativos relacionados a la participaci\u00f3n de la Rep\u00fablica Dominicana en los Juegos Panamericanos de Lima.<\/span><\/p>\n<div><span lang=\"ES-DO\">Una nota de la Oficina de Prensa del COD se\u00f1ala que, este primer encuentro con las Federaciones Deportivas Nacionales tiene como objetivo tomar control de todos los detalles con tiempo y dejar a un lado los posibles inconvenientes.<\/span><\/div>\n","protected":false},"excerpt":{"rendered":"<p>SANTO DOMINGO. Las Federaciones Deportivas Nacionales se reunir\u00e1n este lunes, a las diez de la ma\u00f1ana, para agotar una agenda que incluye la organizaci\u00f3n y participaci\u00f3n dominicana en los XV Juegos Panamericanos de Lima 2019. \u00a0 La reuni\u00f3n estar\u00e1 presidida por el licenciado Luis Mej\u00eda, presidente del Comit\u00e9 Ol\u00edmpico Dominicano (COD), y tendr\u00e1 lugar en [&hellip;]<\/p>\n","protected":false},"author":9,"featured_media":49879,"comment_status":"closed","ping_status":"closed","sticky":false,"template":"","format":"standard","meta":[],"categories":[3,2,60],"tags":[],"acf":[],"_links":{"self":[{"href":"https:\/\/colimdo.org\/wp-api\/wp\/v2\/posts\/49878"}],"collection":[{"href":"https:\/\/colimdo.org\/wp-api\/wp\/v2\/posts"}],"about":[{"href":"https:\/\/colimdo.org\/wp-api\/wp\/v2\/types\/post"}],"author":[{"embeddable":true,"href":"https:\/\/colimdo.org\/wp-api\/wp\/v2\/users\/9"}],"replies":[{"embeddable":true,"href":"https:\/\/colimdo.org\/wp-api\/wp\/v2\/comments?post=49878"}],"version-history":[{"count":1,"href":"https:\/\/colimdo.org\/wp-api\/wp\/v2\/posts\/49878\/revisions"}],"predecessor-version":[{"id":49880,"href":"https:\/\/colimdo.org\/wp-api\/wp\/v2\/posts\/49878\/revisions\/49880"}],"wp:featuredmedia":[{"embeddable":true,"href":"https:\/\/colimdo.org\/wp-api\/wp\/v2\/media\/49879"}],"wp:attachment":[{"href":"https:\/\/colimdo.org\/wp-api\/wp\/v2\/media?parent=49878"}],"wp:term":[{"taxonomy":"category","embeddable":true,"href":"https:\/\/colimdo.org\/wp-api\/wp\/v2\/categories?post=49878"},{"taxonomy":"post_tag","embeddable":true,"href":"https:\/\/colimdo.org\/wp-api\/wp\/v2\/tags?post=49878"}],"curies":[{"name":"wp","href":"https:\/\/api.w.org\/{rel}","templated":true}]}}