{"id":49881,"date":"2019-03-10T20:01:29","date_gmt":"2019-03-10T20:01:29","guid":{"rendered":"https:\/\/colimdo.org\/?p=49881"},"modified":"2019-03-10T20:01:29","modified_gmt":"2019-03-10T20:01:29","slug":"inicia-la-wjt-parque-del-este","status":"publish","type":"post","link":"https:\/\/colimdo.org\/noticias\/inicia-la-wjt-parque-del-este\/","title":{"rendered":"Inicia la WJT en el Parque del Este"},"content":{"rendered":"<p dir=\"ltr\">SANTO DOMINGO.- Diecis\u00e9is equipos masculinos de 14 a\u00f1os y menores participar\u00e1n desde este lunes en el evento de preclasificaci\u00f3n de Norte, Centroam\u00e9rica y el Caribe de la World Junior Tennis (WJT), que tendr\u00e1 como escenario el Parque del Este hasta el pr\u00f3ximo s\u00e1bado.<\/p>\n<p dir=\"ltr\">El torneo otorga un pase a la final regional contra M\u00e9xico, Canad\u00e1 y Estados Unidos, que se jugar\u00e1 del 25 al 27 de abril en Montreal, donde se determinar\u00e1n los dos equipos del \u00e1rea que pasar\u00e1n el Mundial WJT.<\/p>\n<p dir=\"ltr\">En el evento participan 48 tenistas de Honduras, Surinam, Aruba, Bermuda, Guatemala, Hait\u00ed, Curazao, Puerto Rico, Trinidad y Tobago, El Salvador, Bahamas, Costa Rica, Rep\u00fablica Dominicana, Jamaica, Guyana y Barbados.<\/p>\n<p dir=\"ltr\">El equipo quisqueyano, capitaneado por Freddy Calder\u00f3n, estar\u00e1 representado por Enmanuel Mu\u00f1oz, Daniel Baquero y David Guerrero.<\/p>\n<p dir=\"ltr\">Los pa\u00edses fueron distribuidos en cuatro grupos para enfrentarse en un round robin, de donde clasificar\u00e1n ocho a los cuartos de final, y partir de esa ronda se jugar\u00e1 bajo el formato de eliminaci\u00f3n directa hasta determinar el campe\u00f3n.<\/p>\n<p dir=\"ltr\">Los dominicanos est\u00e1n en el grupo D junto a Guyana, Barbados y Jamaica, equipo al que enfrentar\u00e1 este lunes desde las 9:00 de la ma\u00f1ana. La entrada para ver los partidos es gratuita para el p\u00fablico.<\/p>\n<p dir=\"ltr\">El torneo, que cuenta con la direcci\u00f3n general del vicepresidente de la Federaci\u00f3n Dominicana de Tenis (Fedotenis), Sergio Tobal, tiene en la supervisi\u00f3n t\u00e9cnica a Mickey Williams, de Bahamas, por parte de la Federaci\u00f3n Internacional de Tenis (ITF), quien es asistido por Abel \u00c1lvarez, de Cuba.<\/p>\n<p dir=\"ltr\">Asimismo, por parte de la Confederaci\u00f3n de Tenis de Centroam\u00e9rica y el Caribe (Cotecc) el evento es supervisado por el Oficial de Desarrollo ITF, John Goede, de Surinam, mientras que la direcci\u00f3n de los \u00e1rbitros nacionales est\u00e1 bajo la responsabilidad de Francisco De los Santos.<\/p>\n","protected":false},"excerpt":{"rendered":"<p>SANTO DOMINGO.- Diecis\u00e9is equipos masculinos de 14 a\u00f1os y menores participar\u00e1n desde este lunes en el evento de preclasificaci\u00f3n de Norte, Centroam\u00e9rica y el Caribe de la World Junior Tennis (WJT), que tendr\u00e1 como escenario el Parque del Este hasta el pr\u00f3ximo s\u00e1bado. El torneo otorga un pase a la final regional contra M\u00e9xico, Canad\u00e1 [&hellip;]<\/p>\n","protected":false},"author":9,"featured_media":49882,"comment_status":"closed","ping_status":"closed","sticky":false,"template":"","format":"standard","meta":[],"categories":[2,60],"tags":[],"acf":[],"_links":{"self":[{"href":"https:\/\/colimdo.org\/wp-api\/wp\/v2\/posts\/49881"}],"collection":[{"href":"https:\/\/colimdo.org\/wp-api\/wp\/v2\/posts"}],"about":[{"href":"https:\/\/colimdo.org\/wp-api\/wp\/v2\/types\/post"}],"author":[{"embeddable":true,"href":"https:\/\/colimdo.org\/wp-api\/wp\/v2\/users\/9"}],"replies":[{"embeddable":true,"href":"https:\/\/colimdo.org\/wp-api\/wp\/v2\/comments?post=49881"}],"version-history":[{"count":1,"href":"https:\/\/colimdo.org\/wp-api\/wp\/v2\/posts\/49881\/revisions"}],"predecessor-version":[{"id":49883,"href":"https:\/\/colimdo.org\/wp-api\/wp\/v2\/posts\/49881\/revisions\/49883"}],"wp:featuredmedia":[{"embeddable":true,"href":"https:\/\/colimdo.org\/wp-api\/wp\/v2\/media\/49882"}],"wp:attachment":[{"href":"https:\/\/colimdo.org\/wp-api\/wp\/v2\/media?parent=49881"}],"wp:term":[{"taxonomy":"category","embeddable":true,"href":"https:\/\/colimdo.org\/wp-api\/wp\/v2\/categories?post=49881"},{"taxonomy":"post_tag","embeddable":true,"href":"https:\/\/colimdo.org\/wp-api\/wp\/v2\/tags?post=49881"}],"curies":[{"name":"wp","href":"https:\/\/api.w.org\/{rel}","templated":true}]}}