{"id":49931,"date":"2019-03-11T19:05:00","date_gmt":"2019-03-11T19:05:00","guid":{"rendered":"https:\/\/colimdo.org\/?p=49931"},"modified":"2019-03-11T19:05:00","modified_gmt":"2019-03-11T19:05:00","slug":"zidane-retorna-como-director-tecnico-del-real-madrid","status":"publish","type":"post","link":"https:\/\/colimdo.org\/noticias\/zidane-retorna-como-director-tecnico-del-real-madrid\/","title":{"rendered":"Zidane retorna como director t\u00e9cnico del Real Madrid"},"content":{"rendered":"<p>MADRID (AP) \u2014 Zinedine Zidane volver\u00e1 a la direcci\u00f3n t\u00e9cnica del Real Madrid, un a\u00f1o despu\u00e9s de guiarlo a su tercera coronaci\u00f3n consecutiva en la Liga de Campeones, confirm\u00f3 el lunes el club.<\/p>\n<p>\u201cLa Junta Directiva ha acordado&#8230; el nombramiento de Zinedine Zidane como nuevo entrenador del Real Madrid, con incorporaci\u00f3n inmediata para lo que resta de la temporada y las tres pr\u00f3ximas, hasta el 30 de junio de 2022\u201d, inform\u00f3 el club Merengue a un comunicado.<\/p>\n<p>Esta confirmaci\u00f3n lleg\u00f3 tras versiones de prensa que hablaban del retorno de Zidane al equipo, como reemplazo del argentino Santiago Solari. M\u00e1s tarde, se realiz\u00f3 la sesi\u00f3n de la junta directiva, y el club inform\u00f3 tambi\u00e9n que quedaba rescindido el contrato del argentino Solari.<\/p>\n<p>El canal televisivo espa\u00f1ol La Sexta fue el primer medio en informar que el exastro franc\u00e9s hab\u00eda aceptado una oferta para volver al Madrid, que en menos de una semana sufri\u00f3 un par de derrotas ante el Barcelona y una m\u00e1s ante el Ajax. Los resultados dejaron al conjunto blanco eliminado de la Liga de Campeones y de la Copa del Rey, y derribaron casi cualquier esperanza de que el Madrid obtenga un t\u00edtulo en esta campa\u00f1a.<\/p>\n<p>Zidane renunci\u00f3 poco despu\u00e9s de que el Madrid gan\u00f3 el \u00faltimo cetro de la Liga de Campeones, tras afirmar que tanto \u00e9l como el club necesitaban un cambio de rumbo para seguir teniendo \u00e9xito.<\/p>\n<p>Pero el estratega franc\u00e9s no dirigi\u00f3 desde entonces. Y el Madrid fue a los tumbos.<\/p>\n<p>Una vez pactado el regreso, el Real Madrid anunci\u00f3 que presentar\u00e1 oficialmente a Zidane ante los medios de comunicaci\u00f3n el mismo lunes por la noche en la sala de prensa del Santiago Bernab\u00e9u.<\/p>\n<p>Dirigir\u00e1 su primer encuentro el s\u00e1bado, ante el Celta de Vigo, en el estadio Santiago Bernab\u00e9u.<\/p>\n<p>El Madrid languidece a 12 puntos del l\u00edder Barcelona, cuando restan 11 fechas de la campa\u00f1a. Est\u00e1 cinco unidades detr\u00e1s del Atl\u00e9tico de Madrid, que ocupa el segundo puesto.<\/p>\n<p>Solari dirigi\u00f3 el domingo el equipo en una goleada de 4-1 sobre el Valladolid, y estuvo a cargo del entrenamiento del lunes.<\/p>\n<p>El Madrid inform\u00f3 que ha ofrecido a Solari \u201cseguir perteneciendo al club\u201d, dentro de otras funciones.<\/p>\n<p>Solari, exjugador del Madrid y de la selecci\u00f3n argentina era t\u00e9cnico del conjunto \u201cB\u201d antes de octubre, cuando tom\u00f3 las riendas del primer equipo.<\/p>\n<p>Llev\u00f3 al Madrid a 22 triunfos, dos empates y ocho derrotas en las distintas competiciones. Ayud\u00f3 a que la entidad madridista ganara en diciembre el Mundial de Clubes.<\/p>\n<p>Zidane luc\u00eda como una opci\u00f3n evidente para volver al club, pero pocos esperaban que aceptara regresar tan pronto, luego de su decisi\u00f3n de alejarse.<\/p>\n<p>De car\u00e1cter sereno en el banquillo, Zidane asumi\u00f3 originalmente en enero de 2016 y se gan\u00f3 el apoyo de los jugadores, con su actitud cort\u00e9s y relajada. Adem\u00e1s de los tres t\u00edtulos de la \u201cChampions\u201d, condujo al Madrid a la coronaci\u00f3n en La Liga espa\u00f1ola en 2017.<\/p>\n<p>Fue el primer t\u00edtulo del club en el torneo dom\u00e9stico desde 2012.<\/p>\n<p>Poco despu\u00e9s de que Zidane se march\u00f3, Cristiano Ronaldo hizo lo propio. El portugu\u00e9s se incorpor\u00f3 a la Juventus, y el Real Madrid ha pasado una temporada turbulenta que desemboc\u00f3 en las derrotas ante el Barcelona y el Ajax en el Bernab\u00e9u.<\/p>\n<p>Zidane fue reemplazado por Julen Lopetegui, exseleccionador de Espa\u00f1a, quien fue destituido en la v\u00edspera del comienzo del Mundial, por aceptar la plaza en el Madrid. Dur\u00f3 apenas unos meses en el cargo.<\/p>\n<p>Solari sustituy\u00f3 a Lopetegui en forma interina y recibi\u00f3 despu\u00e9s el puesto con un contrato que expiraba en 2021, tras ayudar a que los merengues repuntaran.<\/p>\n<p>Pero a diferencia de Zidane, no pareci\u00f3 tener el control del plantel y se habr\u00eda confrontado con algunos jugadores clave, incluido el brasile\u00f1o Marcelo y Francisco \u201cIsco\u201d Alarc\u00f3n.<\/p>\n<p>Jos\u00e9 Mourinho, despedido por el Manchester United el a\u00f1o pasado, era otro firme candidato para reemplazar a Solari, tras su \u00e9xito con el Madrid a comienzos de esta d\u00e9cada.<\/p>\n<p>Otros nombres que se mencionaban inclu\u00edan a Jurgen Klopp, Mauricio Pochettino, Joachim Loew y Antonio Conte. El \u00faltimo lleg\u00f3 a aparecer con insistencia en los reportes de prensa como supuesto reemplazo del destituido Lopetegui.<\/p>\n<p>Y algunos quer\u00edan incluso que el club recurriera a su exestrella Ra\u00fal Gonz\u00e1lez, quien comenz\u00f3 a dirigir apenas uno de los planteles de las inferiores en el Madrid.<\/p>\n","protected":false},"excerpt":{"rendered":"<p>MADRID (AP) \u2014 Zinedine Zidane volver\u00e1 a la direcci\u00f3n t\u00e9cnica del Real Madrid, un a\u00f1o despu\u00e9s de guiarlo a su tercera coronaci\u00f3n consecutiva en la Liga de Campeones, confirm\u00f3 el lunes el club. \u201cLa Junta Directiva ha acordado&#8230; el nombramiento de Zinedine Zidane como nuevo entrenador del Real Madrid, con incorporaci\u00f3n inmediata para lo que [&hellip;]<\/p>\n","protected":false},"author":9,"featured_media":49932,"comment_status":"closed","ping_status":"closed","sticky":false,"template":"","format":"standard","meta":[],"categories":[2,60],"tags":[],"acf":[],"_links":{"self":[{"href":"https:\/\/colimdo.org\/wp-api\/wp\/v2\/posts\/49931"}],"collection":[{"href":"https:\/\/colimdo.org\/wp-api\/wp\/v2\/posts"}],"about":[{"href":"https:\/\/colimdo.org\/wp-api\/wp\/v2\/types\/post"}],"author":[{"embeddable":true,"href":"https:\/\/colimdo.org\/wp-api\/wp\/v2\/users\/9"}],"replies":[{"embeddable":true,"href":"https:\/\/colimdo.org\/wp-api\/wp\/v2\/comments?post=49931"}],"version-history":[{"count":1,"href":"https:\/\/colimdo.org\/wp-api\/wp\/v2\/posts\/49931\/revisions"}],"predecessor-version":[{"id":49933,"href":"https:\/\/colimdo.org\/wp-api\/wp\/v2\/posts\/49931\/revisions\/49933"}],"wp:featuredmedia":[{"embeddable":true,"href":"https:\/\/colimdo.org\/wp-api\/wp\/v2\/media\/49932"}],"wp:attachment":[{"href":"https:\/\/colimdo.org\/wp-api\/wp\/v2\/media?parent=49931"}],"wp:term":[{"taxonomy":"category","embeddable":true,"href":"https:\/\/colimdo.org\/wp-api\/wp\/v2\/categories?post=49931"},{"taxonomy":"post_tag","embeddable":true,"href":"https:\/\/colimdo.org\/wp-api\/wp\/v2\/tags?post=49931"}],"curies":[{"name":"wp","href":"https:\/\/api.w.org\/{rel}","templated":true}]}}