{"id":49966,"date":"2019-03-12T02:58:37","date_gmt":"2019-03-12T02:58:37","guid":{"rendered":"https:\/\/colimdo.org\/?p=49966"},"modified":"2019-03-12T02:59:00","modified_gmt":"2019-03-12T02:59:00","slug":"rd-inicia-con-victoria-su-paso-por-torneo-wjt","status":"publish","type":"post","link":"https:\/\/colimdo.org\/noticias\/rd-inicia-con-victoria-su-paso-por-torneo-wjt\/","title":{"rendered":"RD inicia con victoria su paso por torneo WJT"},"content":{"rendered":"<p dir=\"ltr\">SANTO DOMINGO.- Con victorias de Enmanuel Mu\u00f1oz y Daniel Baquero, Rep\u00fablica Dominicana inici\u00f3 con el pie derecho en el primer d\u00eda del evento de preclasificaci\u00f3n de la World Junior Tennis (WJT), que se juega en el Parque del Este.<\/p>\n<p dir=\"ltr\">Los criollos enfrentaron este lunes a Jamaica, pa\u00eds al que derrotaron en los dos primeros partidos de la serie, en los que Baquero se impuso sobre Delano Reeves en el primer turno por 6-0, 6-0, mientras que en el segundo Mu\u00f1oz dispuso de Daniel Azar con pizarra de 3-6, 6-4, 6-0.<\/p>\n<p dir=\"ltr\">Este martes, los dominicanos continuar\u00e1n su b\u00fasqueda de la clasificaci\u00f3n a los cuartos de final cuando enfrenten a Guyana en la segunda fecha del round robin desde las 10:00 de la ma\u00f1ana. La entrada para ver los partidos es gratuita para el p\u00fablico.<\/p>\n<p dir=\"ltr\">En otros resultados del d\u00eda, Guatemala venci\u00f3 \u00a02-0 a Hait\u00ed, Honduras derrot\u00f3 2-0 a Surinam y Puerto Rico super\u00f3 2-0 a Curazao.<\/p>\n<p dir=\"ltr\">El torneo preclasificatorio de Norte, Centroam\u00e9rica y el Caribe de la WJT otorga un pase a a la final regional contra M\u00e9xico, Canad\u00e1 y Estados Unidos, que se jugar\u00e1 del 25 al 27 de abril en Montreal, donde se determinar\u00e1n los dos equipos del \u00e1rea que pasar\u00e1n a la final mundial.<\/p>\n<p dir=\"ltr\">En el evento participan 48 tenistas de otros pa\u00edses como Aruba, Bermuda, Trinidad y Tobago, El Salvador, Bahamas, Costa Rica, Rep\u00fablica Dominicana, Jamaica, Guyana y Barbados.<\/p>\n<p dir=\"ltr\">El equipo quisqueyano, capitaneado por Freddy Calder\u00f3n, tambi\u00e9n est\u00e1 compuesto por David Guerrero.<\/p>\n<p dir=\"ltr\">El torneo, que cuenta con la direcci\u00f3n general del vicepresidente de la Federaci\u00f3n Dominicana de Tenis (Fedotenis), Sergio Tobal, tiene en la supervisi\u00f3n t\u00e9cnica a Mickey Williams, de Bahamas, por parte de la Federaci\u00f3n Internacional de Tenis (ITF), quien es asistido por Abel \u00c1lvarez, de Cuba.<\/p>\n<p dir=\"ltr\">Asimismo, por parte de la Confederaci\u00f3n de Tenis de Centroam\u00e9rica y el Caribe (Cotecc) el evento es supervisado por el Oficial de Desarrollo ITF, John Goede, de Surinam, mientras que la direcci\u00f3n de los \u00e1rbitros nacionales est\u00e1 bajo la responsabilidad de Francisco De los Santos.<\/p>\n","protected":false},"excerpt":{"rendered":"<p>Los criollos enfrentaron este lunes a Jamaica, pa\u00eds al que derrotaron en los dos primeros partidos de la serie, en los que Baquero se impuso sobre Delano Reeves en el primer turno por 6-0, 6-0, mientras que en el segundo Mu\u00f1oz dispuso de Daniel Azar con pizarra de 3-6, 6-4, 6-0.<\/p>\n","protected":false},"author":16,"featured_media":49967,"comment_status":"closed","ping_status":"closed","sticky":false,"template":"","format":"standard","meta":[],"categories":[2,60],"tags":[],"acf":[],"_links":{"self":[{"href":"https:\/\/colimdo.org\/wp-api\/wp\/v2\/posts\/49966"}],"collection":[{"href":"https:\/\/colimdo.org\/wp-api\/wp\/v2\/posts"}],"about":[{"href":"https:\/\/colimdo.org\/wp-api\/wp\/v2\/types\/post"}],"author":[{"embeddable":true,"href":"https:\/\/colimdo.org\/wp-api\/wp\/v2\/users\/16"}],"replies":[{"embeddable":true,"href":"https:\/\/colimdo.org\/wp-api\/wp\/v2\/comments?post=49966"}],"version-history":[{"count":1,"href":"https:\/\/colimdo.org\/wp-api\/wp\/v2\/posts\/49966\/revisions"}],"predecessor-version":[{"id":49968,"href":"https:\/\/colimdo.org\/wp-api\/wp\/v2\/posts\/49966\/revisions\/49968"}],"wp:featuredmedia":[{"embeddable":true,"href":"https:\/\/colimdo.org\/wp-api\/wp\/v2\/media\/49967"}],"wp:attachment":[{"href":"https:\/\/colimdo.org\/wp-api\/wp\/v2\/media?parent=49966"}],"wp:term":[{"taxonomy":"category","embeddable":true,"href":"https:\/\/colimdo.org\/wp-api\/wp\/v2\/categories?post=49966"},{"taxonomy":"post_tag","embeddable":true,"href":"https:\/\/colimdo.org\/wp-api\/wp\/v2\/tags?post=49966"}],"curies":[{"name":"wp","href":"https:\/\/api.w.org\/{rel}","templated":true}]}}