{"id":49992,"date":"2019-03-12T19:14:02","date_gmt":"2019-03-12T19:14:02","guid":{"rendered":"https:\/\/colimdo.org\/?p=49992"},"modified":"2019-03-12T19:14:09","modified_gmt":"2019-03-12T19:14:09","slug":"hector-garcia-electo-presidente-asociacion-boxeo-del-distrito-nacional","status":"publish","type":"post","link":"https:\/\/colimdo.org\/noticias\/hector-garcia-electo-presidente-asociacion-boxeo-del-distrito-nacional\/","title":{"rendered":"H\u00e9ctor Garc\u00eda, electo presidente Asociaci\u00f3n Boxeo del Distrito Nacional"},"content":{"rendered":"<p><strong>SANTO DOMINGO.<\/strong>&#8211; El periodista H\u00e9ctor Garc\u00eda fue electo presidente de la Asociaci\u00f3n de Boxeo del Distrito Nacional, durante una asamblea de clubes celebrada el pasado domingo en el coliseo de boxeo Carlos Teo Cruz.<\/p>\n<p>La elecci\u00f3n de Garc\u00eda, un veterano periodista columnista del peri\u00f3dico El Nacional, se produjo a unanimidad de la matr\u00edcula de 15 clubes presentes en el encuentro. Garc\u00eda agotar\u00e1 un per\u00edodo de dos a\u00f1os (2019-2021).<\/p>\n<p>La asamblea fue dirigida por una Comisi\u00f3n Electoral presidida por Tom\u00e1s Cruz, co-secretario, la de Federaci\u00f3n Dominicana de Boxeo (FEDOBOXA) e integrada por Ram\u00f3n P\u00e9rez Guzm\u00e1n y Juan Torres, miembros.<\/p>\n<p>Los dem\u00e1s miembros del Comit\u00e9 Ejecutivo electo en la asamblea fueron M\u00e1ximo Cordero, vicepresidente; Juan Fernando Santana, secretario general; Paloma Indira P\u00e9rez, tesorera y Roalvi Acosta, vocal.<\/p>\n<p>Entre los clubes que votaron en el proceso eleccionario se encuentra, Manuel Batista, Ram\u00f3n Paula, Orlando Mart\u00ednez, San Carlos, Villa Francisca, Billy Thompson, Joan Guzm\u00e1n y Capit\u00e1n Pe\u00f1a.<\/p>\n<p>Tambi\u00e9n Ulises Valent\u00edn, Levantamiento Juvenil, Ismael Santana, Jos\u00e9 Nicol\u00e1s Casimiro y Jos\u00e9 G\u00f3mez D\u00edaz.<\/p>\n<p>Adem\u00e1s participaron los clubes Minerva Mirabal, Nuestro Esfuerzo, Los Cachorros, Sim\u00f3n Bol\u00edvar y Mar\u00eda Auxiliadora.<\/p>\n<p>Luego de la votaci\u00f3n un\u00e1nime, el presidente de la comisi\u00f3n electoral Tom\u00e1s Cruz, tom\u00f3 el juramento a los directivos electos, en presencia de los delegados de los clubes participantes.<\/p>\n<p>El presidente electo, H\u00e9ctor Garc\u00eda, sustituye en la presidencia de la Asociaci\u00f3n de Boxeo del Distrito Nacional al arquitecto Rafael Contreras, quien de inmediato ofreci\u00f3 su apoyo a las nuevas autoridades y entreg\u00f3 el local y dem\u00e1s propiedades de la entidad.<\/p>\n<p>Garc\u00eda, anunci\u00f3 que \u00e9ste mi\u00e9rcoles, 13 de marzo, ser\u00e1 la primera sesi\u00f3n de trabajo, a partir de las diez de la ma\u00f1ana y que de inmediato se anunciar\u00e1 el montaje del torneo del Distrito Nacional que hace m\u00e1s de un a\u00f1o no se celebra.<\/p>\n","protected":false},"excerpt":{"rendered":"<p>La elecci\u00f3n de Garc\u00eda, un veterano periodista columnista del peri\u00f3dico El Nacional, se produjo a unanimidad de la matr\u00edcula de 15 clubes presentes.<\/p>\n","protected":false},"author":13,"featured_media":49993,"comment_status":"closed","ping_status":"closed","sticky":false,"template":"","format":"standard","meta":[],"categories":[2,60],"tags":[],"acf":[],"_links":{"self":[{"href":"https:\/\/colimdo.org\/wp-api\/wp\/v2\/posts\/49992"}],"collection":[{"href":"https:\/\/colimdo.org\/wp-api\/wp\/v2\/posts"}],"about":[{"href":"https:\/\/colimdo.org\/wp-api\/wp\/v2\/types\/post"}],"author":[{"embeddable":true,"href":"https:\/\/colimdo.org\/wp-api\/wp\/v2\/users\/13"}],"replies":[{"embeddable":true,"href":"https:\/\/colimdo.org\/wp-api\/wp\/v2\/comments?post=49992"}],"version-history":[{"count":1,"href":"https:\/\/colimdo.org\/wp-api\/wp\/v2\/posts\/49992\/revisions"}],"predecessor-version":[{"id":49994,"href":"https:\/\/colimdo.org\/wp-api\/wp\/v2\/posts\/49992\/revisions\/49994"}],"wp:featuredmedia":[{"embeddable":true,"href":"https:\/\/colimdo.org\/wp-api\/wp\/v2\/media\/49993"}],"wp:attachment":[{"href":"https:\/\/colimdo.org\/wp-api\/wp\/v2\/media?parent=49992"}],"wp:term":[{"taxonomy":"category","embeddable":true,"href":"https:\/\/colimdo.org\/wp-api\/wp\/v2\/categories?post=49992"},{"taxonomy":"post_tag","embeddable":true,"href":"https:\/\/colimdo.org\/wp-api\/wp\/v2\/tags?post=49992"}],"curies":[{"name":"wp","href":"https:\/\/api.w.org\/{rel}","templated":true}]}}