{"id":50001,"date":"2019-03-13T02:25:49","date_gmt":"2019-03-13T02:25:49","guid":{"rendered":"https:\/\/colimdo.org\/?p=50001"},"modified":"2019-03-13T02:25:49","modified_gmt":"2019-03-13T02:25:49","slug":"azulejos-optimistas-respecto-a-regreso-de-vladimir-guerrero-jr","status":"publish","type":"post","link":"https:\/\/colimdo.org\/noticias\/azulejos-optimistas-respecto-a-regreso-de-vladimir-guerrero-jr\/","title":{"rendered":"Azulejos optimistas respecto a regreso de Vladimir Guerrero Jr."},"content":{"rendered":"<p>DUNEDIN, Florida (MLB)&#8211; El tir\u00f3n que sufri\u00f3 Vladimir Guerrero en un m\u00fasculo oblicuo ha llevado a muchos, desde fan\u00e1ticos hasta miembros de los medios, a preguntarse si hay alg\u00fan problema con la preparaci\u00f3n f\u00edsica del mejor prospecto de todo el b\u00e9isbol.<\/p>\n<p>Guerrero gener\u00f3 reacciones el mes pasado cuando los Azulejos anunciaron que estaba pesando 250 libras (113 kilos). Es una diferencia bien grande con respecto a las 200 libras (90 kilos) que ten\u00eda cuando firm\u00f3. Y aunque no hay dudas con respecto a su bate, podr\u00eda haber interrogantes sobre otros elementos de su juego.<\/p>\n<p>Se espera que el pelotero de 20 a\u00f1os pierda el resto de los entrenamientos de primavera debido a la lesi\u00f3n. Deber\u00eda regresar a principios de temporada con Triple-A Buffalo, pero la oportunidad de quedarse con el equipo grande desde el D\u00eda Inaugural \u2013que tampoco iba a pasar, en todo caso\u2014ha sido cerrada oficialmente.<\/p>\n<p>\u201cNo estamos preocupados\u201d, respondi\u00f3 Mark Shapiro, presidente de los Azulejos, cuando se le preguntaron si ten\u00eda alguna preocupaci\u00f3n con respecto a la condici\u00f3n f\u00edsica de Guerrero. \u201cYo creo que hemos sido consistentes desde el primer d\u00eda. Hay una herramienta del juego de Vladimir que sobrepasa de lejos al resto de los aspectos de su desarrollo. Obviamente nos preocupan todas esas otras piezas de su juego, que est\u00e1n tratando de alcanzar a su bateo\u201d.<\/p>\n<p>\u201cYo habl\u00e9 sobre Manny Ram\u00edrez y el reto que tuvimos en Cleveland por mucho tiempo. Me siento igual. Es un poco injusto tomar a un muchacho de 19 o 20 a\u00f1os y decir, \u2018Esperamos que te comportes como un veterano de Grandes Ligas. Esperamos que te manejes bien, que cada aspecto de tu vida dentro y fuera del terreno, tu preparaci\u00f3n, tu corrido de bases, est\u00e9 al nivel de tu bate\u2019. Estamos trabajando esas cosas ahora mismo, pregunt\u00e1ndonos c\u00f3mo podemos apurar eso\u201d.<\/p>\n<p>Guerrero se lesion\u00f3 la semana haciendo swing. Pero es bueno apuntar que hasta los peloteros en mejor forma han tenido problemas similares con m\u00fasculos oblicuos. Nadie cuestion\u00f3 la preparaci\u00f3n de Brett Lawrie cuando estaba en Toronto y sufri\u00f3 distintos tirones.<\/p>\n<p>M\u00e1s que un asunto de acondicionamiento, est\u00e1 lesi\u00f3n espec\u00edfica podr\u00eda estar atada al violento swing de Guerrero. Genera mucho de su poder natural con su mec\u00e1nica, pero tambi\u00e9n hace swing con tanta fuerza que pareciera ser susceptible a ese tipo de dolencias.<\/p>\n<p>\u201cSon cosas que pasan, as\u00ed que si eso es lo que dicen los ex\u00e1menes y lo que tengo que hacer, yo lo que tengo es que recuperarme y estar listo para cuando vuelva\u201d, dijo Guerrero. \u201cLas lesiones son parte del b\u00e9isbol y entiendo eso. Voy a trabajar duro para volver despu\u00e9s del Spring Training\u201d.<\/p>\n<p>Guerrero ten\u00eda cuatro hits en 19 turnos esta primavera con una carrera empujada y una anotada. El dominicano probablemente no ser\u00e1 una opci\u00f3n para ser ascendido a las Mayores sino hasta finales de abril tras este \u00faltimo percance, y Brandon Drury seguir\u00e1 ocup\u00e1ndose de la tercera base hasta el d\u00eda de su ascenso.<\/p>\n<p>\u201cApesta\u201d, dijo el manager de los Azulejos, el boricua Charlie Montoyo, sobre la lesi\u00f3n. \u201cNo quieres que nadie se lesiona y pierda turnos en los entrenamientos, pero es un muchacho joven, y el problema no es tan grave como pens\u00e1bamos. Son tres semanas. Estar\u00e1 bien\u201d.<\/p>\n","protected":false},"excerpt":{"rendered":"<p>Guerrero gener\u00f3 reacciones el mes pasado cuando los Azulejos anunciaron que estaba pesando 250 libras (113 kilos). Es una diferencia bien grande con respecto a las 200 libras (90 kilos) que ten\u00eda cuando firm\u00f3. Y aunque no hay dudas con respecto a su bate, podr\u00eda haber interrogantes sobre otros elementos de su juego.<\/p>\n","protected":false},"author":16,"featured_media":50002,"comment_status":"closed","ping_status":"closed","sticky":false,"template":"","format":"standard","meta":[],"categories":[2,60],"tags":[],"acf":[],"_links":{"self":[{"href":"https:\/\/colimdo.org\/wp-api\/wp\/v2\/posts\/50001"}],"collection":[{"href":"https:\/\/colimdo.org\/wp-api\/wp\/v2\/posts"}],"about":[{"href":"https:\/\/colimdo.org\/wp-api\/wp\/v2\/types\/post"}],"author":[{"embeddable":true,"href":"https:\/\/colimdo.org\/wp-api\/wp\/v2\/users\/16"}],"replies":[{"embeddable":true,"href":"https:\/\/colimdo.org\/wp-api\/wp\/v2\/comments?post=50001"}],"version-history":[{"count":1,"href":"https:\/\/colimdo.org\/wp-api\/wp\/v2\/posts\/50001\/revisions"}],"predecessor-version":[{"id":50003,"href":"https:\/\/colimdo.org\/wp-api\/wp\/v2\/posts\/50001\/revisions\/50003"}],"wp:featuredmedia":[{"embeddable":true,"href":"https:\/\/colimdo.org\/wp-api\/wp\/v2\/media\/50002"}],"wp:attachment":[{"href":"https:\/\/colimdo.org\/wp-api\/wp\/v2\/media?parent=50001"}],"wp:term":[{"taxonomy":"category","embeddable":true,"href":"https:\/\/colimdo.org\/wp-api\/wp\/v2\/categories?post=50001"},{"taxonomy":"post_tag","embeddable":true,"href":"https:\/\/colimdo.org\/wp-api\/wp\/v2\/tags?post=50001"}],"curies":[{"name":"wp","href":"https:\/\/api.w.org\/{rel}","templated":true}]}}