{"id":50012,"date":"2019-03-13T02:53:00","date_gmt":"2019-03-13T02:53:00","guid":{"rendered":"https:\/\/colimdo.org\/?p=50012"},"modified":"2019-03-13T02:53:00","modified_gmt":"2019-03-13T02:53:00","slug":"inauguran-torneo-de-beisbol-15-16-anos-del-distrito-nacional","status":"publish","type":"post","link":"https:\/\/colimdo.org\/noticias\/inauguran-torneo-de-beisbol-15-16-anos-del-distrito-nacional\/","title":{"rendered":"Inauguran torneo de b\u00e9isbol 15-16 a\u00f1os del Distrito Nacional"},"content":{"rendered":"<p class=\"x_MsoNormal\">Santo Domingo. La Asociaci\u00f3n de B\u00e9isbol del Distrito Nacional (Abedina) inaugur\u00f3 recientemente el torneo categor\u00eda juvenil 15 y 16 a\u00f1os, en el estadio n\u00famero 2 del Centro Ol\u00edmpico Juan Pablo Duarte.<\/p>\n<p class=\"x_MsoNormal\">El certamen est\u00e1 dedicado al presidente de la Federaci\u00f3n Dominicana de B\u00e9isbol (Fedobe), H\u00e9ctor -Tito- Pereyra.<\/p>\n<p class=\"x_MsoNormal\">El acto de apertura inici\u00f3 con el desfile de los equipos y luego se escuch\u00f3 las notas del Himno Nacional, para darse paso a la invocaci\u00f3n religiosa a cargo del pastor Santos Rosario (Alexis).<\/p>\n<p class=\"x_MsoNormal\">Las palabras de centrales fueron pronunciadas por el dirigente deportivo Juli\u00e1n de Le\u00f3n, presidente de Abedina, quien resalt\u00f3 la dedicatoria al profesor Tito Pereyra, por ser un dirigente que le duele y ama el b\u00e9isbol, el cual impulsa y desarrolla en toda la geograf\u00eda nacional.<\/p>\n<p class=\"x_MsoNormal\">\u201cPereyra apoya todas las iniciativas que desde esta Abedina se realizan, adem\u00e1s de que contamos con el aval de Fedobe, entidad que rige el b\u00e9isbol en todo el pa\u00eds\u201d, sostuvo.<\/p>\n<p class=\"x_MsoNormal\">De Le\u00f3n, en nombre de Abedina, le entreg\u00f3 una placa de reconocimiento a Tito Pereyra por sus m\u00e9ritos personales, profesionales y familiares.<\/p>\n<p class=\"x_MsoNormal\">Le acompa\u00f1aron, Soribel Soto, del Ministerio Poder Restaurador de la Iglesia; Carlos Mart\u00ednez Moronta, director de Clubes y Ligas del Ministerio de Deportes; y Juan N\u00fa\u00f1ez, secretario general de Fedobe.<\/p>\n<p class=\"x_MsoNormal\">El reconocido dirigente tras recibir la placa expres\u00f3 su regocijo y satisfacci\u00f3n por la placa y homenaje de que fue objeto.<\/p>\n<p class=\"x_MsoNormal\">El mismo Pereyra realiz\u00f3 el lanzamiento de la primera bola para dejar inaugurado el torneo.<\/p>\n<p class=\"x_MsoNormal\">Entre las ligas que ver\u00e1n acci\u00f3n est\u00e1n las ligas Pimentel, Santini, Los Robles, Niche, Franklin Ferreras, La Javilla, Payero, Delio Pe\u00f1a, Laj\u00e1ra, De Le\u00f3n, Los Vecinitos, Esmeraldo P\u00e9rez, Jordan, Solano, Rogelio, Papiro y liga Ray, entre otras.<\/p>\n","protected":false},"excerpt":{"rendered":"<p>Juli\u00e1n de Le\u00f3n, presidente de Abedina, resalta dedicatoria a H\u00e9ctor -Tito- Pereyra.<\/p>\n","protected":false},"author":16,"featured_media":50013,"comment_status":"closed","ping_status":"closed","sticky":false,"template":"","format":"standard","meta":[],"categories":[2,60],"tags":[],"acf":[],"_links":{"self":[{"href":"https:\/\/colimdo.org\/wp-api\/wp\/v2\/posts\/50012"}],"collection":[{"href":"https:\/\/colimdo.org\/wp-api\/wp\/v2\/posts"}],"about":[{"href":"https:\/\/colimdo.org\/wp-api\/wp\/v2\/types\/post"}],"author":[{"embeddable":true,"href":"https:\/\/colimdo.org\/wp-api\/wp\/v2\/users\/16"}],"replies":[{"embeddable":true,"href":"https:\/\/colimdo.org\/wp-api\/wp\/v2\/comments?post=50012"}],"version-history":[{"count":1,"href":"https:\/\/colimdo.org\/wp-api\/wp\/v2\/posts\/50012\/revisions"}],"predecessor-version":[{"id":50014,"href":"https:\/\/colimdo.org\/wp-api\/wp\/v2\/posts\/50012\/revisions\/50014"}],"wp:featuredmedia":[{"embeddable":true,"href":"https:\/\/colimdo.org\/wp-api\/wp\/v2\/media\/50013"}],"wp:attachment":[{"href":"https:\/\/colimdo.org\/wp-api\/wp\/v2\/media?parent=50012"}],"wp:term":[{"taxonomy":"category","embeddable":true,"href":"https:\/\/colimdo.org\/wp-api\/wp\/v2\/categories?post=50012"},{"taxonomy":"post_tag","embeddable":true,"href":"https:\/\/colimdo.org\/wp-api\/wp\/v2\/tags?post=50012"}],"curies":[{"name":"wp","href":"https:\/\/api.w.org\/{rel}","templated":true}]}}