{"id":50037,"date":"2019-03-13T15:42:33","date_gmt":"2019-03-13T15:42:33","guid":{"rendered":"https:\/\/colimdo.org\/?p=50037"},"modified":"2019-03-13T15:42:33","modified_gmt":"2019-03-13T15:42:33","slug":"mariano-entre-los-que-dejarian-el-madrid-con-el-regreso-de-zidane","status":"publish","type":"post","link":"https:\/\/colimdo.org\/noticias\/mariano-entre-los-que-dejarian-el-madrid-con-el-regreso-de-zidane\/","title":{"rendered":"Mariano, entre los que dejar\u00edan el Madrid con el regreso de Zidane"},"content":{"rendered":"<p>SANTO DOMINGO. El regreso del franc\u00e9s Zinedine Zidane al banquillo del Real Madrid constituye una nueva revoluci\u00f3n en el equipo merengue, misma que podr\u00eda nuevamente mandar fuera del conjunto al delantero dominicano Mariano D\u00edaz.<\/p>\n<p>Mariano, quien surgi\u00f3 dentro del sistema de desarrollo del conjunto madridista, estuvo fuera del equipo durante la primera etapa de Zidane, cuando fue enviado al Olympique de Lyon de la Liga Francesa.<\/p>\n<p>La salida de Mariano en aquella ocasi\u00f3n seg\u00fan se\u00f1al\u00f3 la agencia Reuters, se debi\u00f3 a la falta de minutos otorgados por parte del t\u00e9cnico franc\u00e9s, quien ten\u00eda preferencias por encima del dominicano en su posici\u00f3n.<\/p>\n<p>A pesar de haber regresado al conjunto merengue, tras la salida de Zidane, Mariano no ha disfrutado de una gran cantidad de minutos con el Madrid, lo que no le ha permitido tener el impacto deseado por \u00e9l y por los seguidores del club.<\/p>\n<p>Ante esta situaci\u00f3n y con el regreso de Sisou al Madrid, es muy probable que contin\u00fae sin tener minutos y provoque nuevamente la salida del dominicano, en esta nueva experiencia del hist\u00f3rico ex jugador e \u00eddolo del equipo blanco, quien seg\u00fan revela la prensa internacional, pretende fichajes de peso como Paul Pogba y Kylian Mbapp\u00e9.<\/p>\n","protected":false},"excerpt":{"rendered":"<p>El dominicano no es de los favoritos del t\u00e9cnico franc\u00e9s, lo que impulsar\u00eda su salida del conjunto.<\/p>\n","protected":false},"author":16,"featured_media":50038,"comment_status":"closed","ping_status":"closed","sticky":false,"template":"","format":"standard","meta":[],"categories":[2,60],"tags":[],"acf":[],"_links":{"self":[{"href":"https:\/\/colimdo.org\/wp-api\/wp\/v2\/posts\/50037"}],"collection":[{"href":"https:\/\/colimdo.org\/wp-api\/wp\/v2\/posts"}],"about":[{"href":"https:\/\/colimdo.org\/wp-api\/wp\/v2\/types\/post"}],"author":[{"embeddable":true,"href":"https:\/\/colimdo.org\/wp-api\/wp\/v2\/users\/16"}],"replies":[{"embeddable":true,"href":"https:\/\/colimdo.org\/wp-api\/wp\/v2\/comments?post=50037"}],"version-history":[{"count":1,"href":"https:\/\/colimdo.org\/wp-api\/wp\/v2\/posts\/50037\/revisions"}],"predecessor-version":[{"id":50039,"href":"https:\/\/colimdo.org\/wp-api\/wp\/v2\/posts\/50037\/revisions\/50039"}],"wp:featuredmedia":[{"embeddable":true,"href":"https:\/\/colimdo.org\/wp-api\/wp\/v2\/media\/50038"}],"wp:attachment":[{"href":"https:\/\/colimdo.org\/wp-api\/wp\/v2\/media?parent=50037"}],"wp:term":[{"taxonomy":"category","embeddable":true,"href":"https:\/\/colimdo.org\/wp-api\/wp\/v2\/categories?post=50037"},{"taxonomy":"post_tag","embeddable":true,"href":"https:\/\/colimdo.org\/wp-api\/wp\/v2\/tags?post=50037"}],"curies":[{"name":"wp","href":"https:\/\/api.w.org\/{rel}","templated":true}]}}