{"id":50064,"date":"2019-03-14T02:28:46","date_gmt":"2019-03-14T02:28:46","guid":{"rendered":"https:\/\/colimdo.org\/?p=50064"},"modified":"2019-03-14T02:28:46","modified_gmt":"2019-03-14T02:28:46","slug":"carlos-martinez-se-perdera-el-inicio-de-la-campana-de-gl","status":"publish","type":"post","link":"https:\/\/colimdo.org\/noticias\/carlos-martinez-se-perdera-el-inicio-de-la-campana-de-gl\/","title":{"rendered":"Carlos Mart\u00ednez se perder\u00e1 el inicio de la campa\u00f1a de GL"},"content":{"rendered":"<p>JUPITER, Florida, EE.UU. \u2014 El abridor de los Cardenales Carlos Mart\u00ednez comenzar\u00e1 la temporada en la lista de lesionados debido a que a\u00fan se recupera de debilidad en el hombro.<\/p>\n<p>Mart\u00ednez no participar\u00e1 en juegos de exhibici\u00f3n. El dominicano tiene previsto lanzar de terreno plano durante la pr\u00f3xima semana antes de proceder a hacerlo desde un mont\u00edculo.<\/p>\n<p>&#8220;Su situaci\u00f3n es la correcta\u201d, dijo el manager de San Luis Mike Shildt. \u201cHa aprovechado todo este tiempo para fortalecerse, y ahora empezar\u00e1 a soltar el brazo\u201d.<\/p>\n<p>San Luis no anunci\u00f3 un cronograma sobre el proceso que seguir\u00e1 Mart\u00ednez para fortalecer su brazo. El dos veces seleccionado para el Juego de Estrellas recibi\u00f3 una inyecci\u00f3n de plasma rico en plaquetas hace dos semanas, y Mart\u00ednez dijo que el tratamiento le sirvi\u00f3 para mejorar.<\/p>\n<p>&#8220;No estoy apurado\u201d, dijo Mart\u00ednez. \u201cLo \u00fanico que quiero es que el hombre est\u00e9 fuerte para poder lanzar en todo lo que el equipo me necesito\u201d.<\/p>\n<p>Derecho de 27 a\u00f1os, Mart\u00ednez fue el abridor del d\u00eda inaugural de los Cardenales la pasada temporada. Estuvo sin lanzar entre el 8 de mayo hasta el 5 de junio el a\u00f1o pasado por una dolencia en el m\u00fasculo dorsal ancho. Tambi\u00e9n se perdi\u00f3 actividad entre el 19 y 30 de julio por una molestia en el oblicuo derecho y entre el 30 de julio y 21 de agosto por una dolencia en el hombro derecho.<\/p>\n<p>Al regresar, Mart\u00ednez pas\u00f3 al bullpen y se acredit\u00f3 cinco rescates. Termin\u00f3 con marca de 8-6 y efectividad de 3.11 en 18 aperturas y 15 actuaciones de relevo.<\/p>\n<p>&#8220;Soy un abridor hasta que alguien me diga lo contrario y, si me dicen lo contrario, estar\u00e9 feliz de ayudar al equipo de otra forma\u201d, dijo Mart\u00ednez.<\/p>\n","protected":false},"excerpt":{"rendered":"<p>Mart\u00ednez no participar\u00e1 en juegos de exhibici\u00f3n. El dominicano tiene previsto lanzar de terreno plano durante la pr\u00f3xima semana antes de proceder a hacerlo desde un mont\u00edculo.<\/p>\n","protected":false},"author":16,"featured_media":50065,"comment_status":"closed","ping_status":"closed","sticky":false,"template":"","format":"standard","meta":[],"categories":[2,60],"tags":[],"acf":[],"_links":{"self":[{"href":"https:\/\/colimdo.org\/wp-api\/wp\/v2\/posts\/50064"}],"collection":[{"href":"https:\/\/colimdo.org\/wp-api\/wp\/v2\/posts"}],"about":[{"href":"https:\/\/colimdo.org\/wp-api\/wp\/v2\/types\/post"}],"author":[{"embeddable":true,"href":"https:\/\/colimdo.org\/wp-api\/wp\/v2\/users\/16"}],"replies":[{"embeddable":true,"href":"https:\/\/colimdo.org\/wp-api\/wp\/v2\/comments?post=50064"}],"version-history":[{"count":1,"href":"https:\/\/colimdo.org\/wp-api\/wp\/v2\/posts\/50064\/revisions"}],"predecessor-version":[{"id":50066,"href":"https:\/\/colimdo.org\/wp-api\/wp\/v2\/posts\/50064\/revisions\/50066"}],"wp:featuredmedia":[{"embeddable":true,"href":"https:\/\/colimdo.org\/wp-api\/wp\/v2\/media\/50065"}],"wp:attachment":[{"href":"https:\/\/colimdo.org\/wp-api\/wp\/v2\/media?parent=50064"}],"wp:term":[{"taxonomy":"category","embeddable":true,"href":"https:\/\/colimdo.org\/wp-api\/wp\/v2\/categories?post=50064"},{"taxonomy":"post_tag","embeddable":true,"href":"https:\/\/colimdo.org\/wp-api\/wp\/v2\/tags?post=50064"}],"curies":[{"name":"wp","href":"https:\/\/api.w.org\/{rel}","templated":true}]}}