{"id":50077,"date":"2019-03-14T02:47:19","date_gmt":"2019-03-14T02:47:19","guid":{"rendered":"https:\/\/colimdo.org\/?p=50077"},"modified":"2019-03-14T02:47:19","modified_gmt":"2019-03-14T02:47:19","slug":"miguel-sano-volvio-al-campamento-de-mellizos-de-minnesota","status":"publish","type":"post","link":"https:\/\/colimdo.org\/noticias\/miguel-sano-volvio-al-campamento-de-mellizos-de-minnesota\/","title":{"rendered":"Miguel San\u00f3 volvi\u00f3 al campamento de Mellizos de Minnesota"},"content":{"rendered":"<p>FORT MYERS, Florida &#8212; Luego de que la herida sufrida en la zona del tal\u00f3n de Aquiles de su pierna derecha finalmente sanara, el dominicano Miguel \u00c1ngel San\u00f3 regres\u00f3 el mi\u00e9rcoles al campamento de los Mellizos para comenzar el proceso de recuperaci\u00f3n de una lesi\u00f3n que inicialmente no result\u00f3 muy dolorosa pero se fue complicando al punto de que estar\u00e1 fuera de acci\u00f3n hasta mayo.<\/p>\n<p>\u201cYo no pensaba que iba a darme tantos problemas\u201d, dijo San\u00f3. \u201cPens\u00e9 que iba a estar bien r\u00e1pido, pero se fue complicando. Ya lo super\u00e9. Le doy gracias al equipo por cuidarme. S\u00f3lo quiero estar al 100%\u201d.<\/p>\n<p>El preparador f\u00edsico del equipo, Tony Leon, dijo que San\u00f3 comenzar\u00e1 la primera fase de la rehabilitaci\u00f3n el viernes antes de que le sean removidos los cinco puntos de sutura el 29 de marzo. Para ese momento, ser\u00e1 capaz de usar la parte baja de su cuerpo a toda m\u00e1quina y empezar a realizar actividades de b\u00e9isbol, incluyendo batear, fildear y correr las bases.<\/p>\n<p>San\u00f3 seguir\u00e1 trabajando con el equipo en Fort Myers y viajar\u00e1 con el equipo a Minneapolis para el D\u00eda Inaugural.<\/p>\n<p>\u201cEstoy contento de estar otra vez aqu\u00ed\u201d, dijo San\u00f3. \u201cEsta es mi familia. Estos son mis compa\u00f1eros. Estoy muy feliz de estar de regreso\u201d.<\/p>\n<p>\u201cProbablemente voy a perderme el arranque con el equipo, pero eso no importa\u201d, apunt\u00f3 San\u00f3. \u201cEn cuatro meses yo creo que puedo ayudar a este equipo\u201d.<\/p>\n<p>Mientras tanto, San\u00f3 est\u00e1 tratando de mantenerse positivo.<\/p>\n<p>\u201cEs f\u00e1cil frustrarse\u201d, reconoci\u00f3. \u201cPero despu\u00e9s de pasar por todo esto y llegar aqu\u00ed y ver a todo el mundo, s\u00f3lo quiero ver para adelante y seguir positivo. Es una temporada larga\u201d.<\/p>\n","protected":false},"excerpt":{"rendered":"<p>El preparador f\u00edsico del equipo, Tony Leon, dijo que San\u00f3 comenzar\u00e1 la primera fase de la rehabilitaci\u00f3n el viernes antes de que le sean removidos los cinco puntos de sutura el 29 de marzo. Para ese momento, ser\u00e1 capaz de usar la parte baja de su cuerpo a toda m\u00e1quina y empezar a realizar actividades de b\u00e9isbol, incluyendo batear, fildear y correr las bases.<\/p>\n","protected":false},"author":16,"featured_media":50078,"comment_status":"closed","ping_status":"closed","sticky":false,"template":"","format":"standard","meta":[],"categories":[2,60],"tags":[],"acf":[],"_links":{"self":[{"href":"https:\/\/colimdo.org\/wp-api\/wp\/v2\/posts\/50077"}],"collection":[{"href":"https:\/\/colimdo.org\/wp-api\/wp\/v2\/posts"}],"about":[{"href":"https:\/\/colimdo.org\/wp-api\/wp\/v2\/types\/post"}],"author":[{"embeddable":true,"href":"https:\/\/colimdo.org\/wp-api\/wp\/v2\/users\/16"}],"replies":[{"embeddable":true,"href":"https:\/\/colimdo.org\/wp-api\/wp\/v2\/comments?post=50077"}],"version-history":[{"count":1,"href":"https:\/\/colimdo.org\/wp-api\/wp\/v2\/posts\/50077\/revisions"}],"predecessor-version":[{"id":50079,"href":"https:\/\/colimdo.org\/wp-api\/wp\/v2\/posts\/50077\/revisions\/50079"}],"wp:featuredmedia":[{"embeddable":true,"href":"https:\/\/colimdo.org\/wp-api\/wp\/v2\/media\/50078"}],"wp:attachment":[{"href":"https:\/\/colimdo.org\/wp-api\/wp\/v2\/media?parent=50077"}],"wp:term":[{"taxonomy":"category","embeddable":true,"href":"https:\/\/colimdo.org\/wp-api\/wp\/v2\/categories?post=50077"},{"taxonomy":"post_tag","embeddable":true,"href":"https:\/\/colimdo.org\/wp-api\/wp\/v2\/tags?post=50077"}],"curies":[{"name":"wp","href":"https:\/\/api.w.org\/{rel}","templated":true}]}}