{"id":50081,"date":"2019-03-14T03:03:42","date_gmt":"2019-03-14T03:03:42","guid":{"rendered":"https:\/\/colimdo.org\/?p=50081"},"modified":"2019-03-14T03:03:42","modified_gmt":"2019-03-14T03:03:42","slug":"conmebol-acepta-postulacion-de-argentina-y-colombia-para-copa-america-2020","status":"publish","type":"post","link":"https:\/\/colimdo.org\/noticias\/conmebol-acepta-postulacion-de-argentina-y-colombia-para-copa-america-2020\/","title":{"rendered":"Conmebol acepta postulaci\u00f3n de Argentina y Colombia para Copa Am\u00e9rica 2020"},"content":{"rendered":"<p class=\"canvas-atom canvas-text Mb(1.0em) Mb(0)--sm Mt(0.8em)--sm\">ASUNCI\u00d3N (Reuters) &#8211; La Conmebol dijo el mi\u00e9rcoles que rechaz\u00f3 una propuesta de Estados Unidos para que la Copa Am\u00e9rica 2020 se dispute en ese pa\u00eds y acept\u00f3 la candidatura conjunta de Argentina y Colombia, que est\u00e1 sujeta a la presentaci\u00f3n de un proyecto.<\/p>\n<p class=\"canvas-atom canvas-text Mb(1.0em) Mb(0)--sm Mt(0.8em)--sm\">La decisi\u00f3n busca &#8220;acercar el f\u00fatbol sudamericano a sus hinchas&#8221;, dijo un comunicado difundido tras una reuni\u00f3n del Consejo de la Conmebol en Miami, que resolvi\u00f3 que el torneo se lleve a cabo en territorio sudamericano.<\/p>\n<p class=\"canvas-atom canvas-text Mb(1.0em) Mb(0)--sm Mt(0.8em)--sm\">La Copa Am\u00e9rica se celebrar\u00e1 este a\u00f1o en Brasil, pero la entidad rectora del f\u00fatbol sudamericano determin\u00f3 que se repita el pr\u00f3ximo a\u00f1o para disputarse en adelante en a\u00f1os pares, coincidiendo con la Eurocopa.<\/p>\n<p class=\"canvas-atom canvas-text Mb(1.0em) Mb(0)--sm Mt(0.8em)--sm\">La federaci\u00f3n de Estados Unidos hab\u00eda propuesto reunir entre junio y julio del 2020 a las selecciones sudamericanas y de la Confederaci\u00f3n de Norteam\u00e9rica, Centroam\u00e9rica y el Caribe de F\u00fatbol (CONCACAF) en una nueva competencia.<\/p>\n<p class=\"canvas-atom canvas-text Mb(1.0em) Mb(0)--sm Mt(0.8em)--sm\">Pero la Conmebol rechaz\u00f3 el planteo porque dejar\u00eda &#8220;de lado su torneo fundacional, desconociendo los m\u00e1s de 103 a\u00f1os de tradici\u00f3n deportiva de la Copa Am\u00e9rica&#8221;, se\u00f1al\u00f3 el comunicado.<\/p>\n<p class=\"canvas-atom canvas-text Mb(1.0em) Mb(0)--sm Mt(0.8em)--sm\">Una fuente de la Conmebol dijo a Reuters que Argentina y Colombia presentar\u00edan la propuesta conjunta para que el consejo la considere luego de la disputa del torneo de este a\u00f1o en Brasil.<\/p>\n<p class=\"canvas-atom canvas-text Mb(1.0em) Mb(0)--sm Mt(0.8em)--sm\">La invitaci\u00f3n a Estados Unidos y M\u00e9xico sigue vigente, lo que abrir\u00eda las puertas a que se sumen m\u00e1s selecciones de la Concacaf para un torneo similar al de la Copa Centenario del 2016, agreg\u00f3 la fuente.<\/p>\n<p class=\"canvas-atom canvas-text Mb(1.0em) Mb(0)--sm Mt(0.8em)--sm\">Otra fuente de la Conmebol dijo a Reuters que en la primera fase se jugar\u00edan dos grupos de cuatro equipos en cada pa\u00eds, que adem\u00e1s organizar\u00edan dos partidos de cuartos de final y una semifinal cada uno. La final ser\u00eda en Argentina, agreg\u00f3.<\/p>\n<p class=\"canvas-atom canvas-text Mb(1.0em) Mb(0)--sm Mt(0.8em)--sm\">La \u00fanica vez que Colombia ha sido sede de la Copa Am\u00e9rica, considerado el torneo m\u00e1s antiguo del mundo a nivel de selecciones, fue en el 2001, cuando se proclam\u00f3 campe\u00f3n invicto al vencer en la final a M\u00e9xico.<\/p>\n<p class=\"canvas-atom canvas-text Mb(1.0em) Mb(0)--sm Mt(0.8em)--sm\">Argentina fue sede nueve veces, la \u00faltima en 2011.<\/p>\n","protected":false},"excerpt":{"rendered":"<p>La decisi\u00f3n busca &#8220;acercar el f\u00fatbol sudamericano a sus hinchas&#8221;, dijo un comunicado difundido tras una reuni\u00f3n del Consejo de la Conmebol en Miami, que resolvi\u00f3 que el torneo se lleve a cabo en territorio sudamericano.<\/p>\n","protected":false},"author":16,"featured_media":50082,"comment_status":"closed","ping_status":"closed","sticky":false,"template":"","format":"standard","meta":[],"categories":[2,60],"tags":[],"acf":[],"_links":{"self":[{"href":"https:\/\/colimdo.org\/wp-api\/wp\/v2\/posts\/50081"}],"collection":[{"href":"https:\/\/colimdo.org\/wp-api\/wp\/v2\/posts"}],"about":[{"href":"https:\/\/colimdo.org\/wp-api\/wp\/v2\/types\/post"}],"author":[{"embeddable":true,"href":"https:\/\/colimdo.org\/wp-api\/wp\/v2\/users\/16"}],"replies":[{"embeddable":true,"href":"https:\/\/colimdo.org\/wp-api\/wp\/v2\/comments?post=50081"}],"version-history":[{"count":1,"href":"https:\/\/colimdo.org\/wp-api\/wp\/v2\/posts\/50081\/revisions"}],"predecessor-version":[{"id":50083,"href":"https:\/\/colimdo.org\/wp-api\/wp\/v2\/posts\/50081\/revisions\/50083"}],"wp:featuredmedia":[{"embeddable":true,"href":"https:\/\/colimdo.org\/wp-api\/wp\/v2\/media\/50082"}],"wp:attachment":[{"href":"https:\/\/colimdo.org\/wp-api\/wp\/v2\/media?parent=50081"}],"wp:term":[{"taxonomy":"category","embeddable":true,"href":"https:\/\/colimdo.org\/wp-api\/wp\/v2\/categories?post=50081"},{"taxonomy":"post_tag","embeddable":true,"href":"https:\/\/colimdo.org\/wp-api\/wp\/v2\/tags?post=50081"}],"curies":[{"name":"wp","href":"https:\/\/api.w.org\/{rel}","templated":true}]}}